{"id":170339,"date":"2019-11-29T10:13:21","date_gmt":"2019-11-29T15:13:21","guid":{"rendered":"http:\/\/santemc.quebec\/icentre\/?p=170339"},"modified":"2019-11-29T14:25:59","modified_gmt":"2019-11-29T19:25:59","slug":"journee-mondiale-de-lutte-contre-le-sida","status":"publish","type":"post","link":"https:\/\/santemc.quebec\/icentre\/journee-mondiale-de-lutte-contre-le-sida\/","title":{"rendered":"Journ\u00e9e mondiale de lutte contre le sida"},"content":{"rendered":"<p>Le 1er d\u00e9cembre 2019 est la Journ\u00e9e mondiale de lutte contre le sida.<\/p>\n<p>Le Canada s\u2019est engag\u00e9 \u00e0 atteindre les cibles mondiales 90-90-90 pour mettre fin \u00e0 l\u2019\u00e9pid\u00e9mie du VIH d\u2019ici 2030. En voici le progr\u00e8s :<\/p>\n<p><a href=\"https:\/\/santemc.quebec\/santemc\/icentre\/wp-content\/uploads\/2019\/11\/image.png\"><img decoding=\"async\" loading=\"lazy\" class=\"alignnone wp-image-170606 size-full\" src=\"https:\/\/santemc.quebec\/santemc\/icentre\/wp-content\/uploads\/2019\/11\/image.png\" alt=\"\" width=\"809\" height=\"187\" srcset=\"https:\/\/santemc.quebec\/santemc\/icentre\/wp-content\/uploads\/2019\/11\/image.png 809w, https:\/\/santemc.quebec\/santemc\/icentre\/wp-content\/uploads\/2019\/11\/image-300x69.png 300w, https:\/\/santemc.quebec\/santemc\/icentre\/wp-content\/uploads\/2019\/11\/image-768x178.png 768w, https:\/\/santemc.quebec\/santemc\/icentre\/wp-content\/uploads\/2019\/11\/image-500x116.png 500w\" sizes=\"(max-width: 809px) 100vw, 809px\" \/><\/a><\/p>\n<p>En 2018, 2156 nouveaux cas de VIH ont \u00e9t\u00e9 diagnostiqu\u00e9s au Canada. Un diagnostic et un traitement pr\u00e9coces m\u00e8nent \u00e0 de meilleurs r\u00e9sultats de sant\u00e9.<!--more--><\/p>\n<p>Au CISSS de la Mont\u00e9r\u00e9gie-Centre, des services de d\u00e9pistage sont offerts dont les services int\u00e9gr\u00e9s de d\u00e9pistage et de pr\u00e9vention (SIDEP). Si vous faites partie d&rsquo;un des groupes vis\u00e9s, ou connaissez quelqu&rsquo;un qui en fait partie, n&rsquo;h\u00e9sitez pas \u00e0 consulter ou \u00e0 faire conna\u00eetre nos SIDEP.<\/p>\n<p>\u00c0 qui s\u2019adressent ces services?<\/p>\n<ul>\n<li>Hommes ayant des relations sexuelles avec des hommes (HARSAH)<\/li>\n<li>Personnes \u00ab trans \u00bb<\/li>\n<li>Utilisateurs de drogues par injection ou inhalation (UDI)<\/li>\n<li>Travailleuses (travailleurs) du sexe<\/li>\n<li>Jeunes en difficult\u00e9 (les jeunes de la rue, les jeunes en centre de protection de l\u2019enfance et de la jeunesse, les jeunes qui consomment des substances psychoactives, etc.)<\/li>\n<li>Personnes en provenance de pays o\u00f9 l\u2019infection par le VIH est tr\u00e8s pr\u00e9sente<\/li>\n<li>Personnes incarc\u00e9r\u00e9es<\/li>\n<li>Autochtones<\/li>\n<\/ul>\n<h3><strong>Les services SIDEP du CISSS de la Mont\u00e9r\u00e9gie-Centre<\/strong><\/h3>\n<p>Services offerts<\/p>\n<ul>\n<li>D\u00e9pistage (VIH, syphilis, chlamydia, gonorrh\u00e9e, h\u00e9patites B et C)<\/li>\n<li>Vaccination en lien avec les ITSS<strong><br \/>\n<\/strong><\/li>\n<\/ul>\n<p>Pour prendre rendez-vous :<\/p>\n<ul>\n<li>CLSC de la Vall\u00e9e-des-Forts<br \/>\n514 318-4235<\/li>\n<li>CLSC Samuel-de-Champlain<br \/>\n438\u00a0350-8115<\/li>\n<\/ul>\n<h3>Clinique SIDEP+ Mont\u00e9r\u00e9gie-Centre<\/h3>\n<p><strong>Les HOMMES AYANT DES RELATIONS SEXUELLES AVEC D\u2019AUTRES\u00a0HOMMES peuvent aussi <\/strong><strong>consulter les services de la Clinique SIDEP+ Mont\u00e9r\u00e9gie-Centre.<\/strong><\/p>\n<p>Services offerts<\/p>\n<ul>\n<li>Tous les services du SIDEP r\u00e9gulier<\/li>\n<li>\u00c9valuation des sympt\u00f4mes compatibles avec une ITSS<\/li>\n<li>Traitement et prise en charge de ces infections<\/li>\n<li><a href=\"https:\/\/santemonteregie.qc.ca\/centre\/documentation\/prophylaxie-preexposition-ppre-et-prophylaxie-post-exposition-ppe\">Prophylaxie pr\u00e9exposition<\/a> (PPrE) ou PrEP en anglais<\/li>\n<li><a href=\"https:\/\/santemonteregie.qc.ca\/centre\/documentation\/prophylaxie-preexposition-ppre-et-prophylaxie-post-exposition-ppe\">Prophylaxie post-exposition<\/a> (PPE)<\/li>\n<li>Suivi de probl\u00e8mes li\u00e9s \u00e0 la sexualit\u00e9 ou \u00e0 l&rsquo;usage de drogues lors des relations sexuelles (ChemSex)<\/li>\n<\/ul>\n<p>Pour prendre rendez-vous :<\/p>\n<ul>\n<li><a href=\"http:\/\/www.santemc.quebec\/sidepplus\">www.santemc.quebec\/sidepplus<\/a><\/li>\n<li>450 466-5000 (4352)<\/li>\n<\/ul>\n<p>La clinique SIDEP+ est situ\u00e9e \u00e0 l&rsquo;H\u00f4pital Charles-Le Moyne au local AS-011-C et est exclusive aux hommes ayant des relations sexuelles avec d&rsquo;autres hommes.<\/p>\n<p>&nbsp;<\/p>\n","protected":false},"excerpt":{"rendered":"<p>Le 1er d\u00e9cembre 2019 est la Journ\u00e9e mondiale de lutte contre le sida. Le Canada s\u2019est engag\u00e9 \u00e0 atteindre les cibles mondiales 90-90-90 pour mettre fin \u00e0 l\u2019\u00e9pid\u00e9mie du VIH d\u2019ici 2030. En voici le progr\u00e8s : En 2018, 2156 &hellip; <a href=\"https:\/\/santemc.quebec\/icentre\/journee-mondiale-de-lutte-contre-le-sida\/\">Continuer la lecture <span class=\"meta-nav\">&rarr;<\/span><\/a><\/p>\n","protected":false},"author":1,"featured_media":0,"comment_status":"open","ping_status":"closed","sticky":false,"template":"","format":"standard","meta":{"footnotes":""},"categories":[1],"tags":[],"_links":{"self":[{"href":"https:\/\/santemc.quebec\/icentre\/wp-json\/wp\/v2\/posts\/170339"}],"collection":[{"href":"https:\/\/santemc.quebec\/icentre\/wp-json\/wp\/v2\/posts"}],"about":[{"href":"https:\/\/santemc.quebec\/icentre\/wp-json\/wp\/v2\/types\/post"}],"author":[{"embeddable":true,"href":"https:\/\/santemc.quebec\/icentre\/wp-json\/wp\/v2\/users\/1"}],"replies":[{"embeddable":true,"href":"https:\/\/santemc.quebec\/icentre\/wp-json\/wp\/v2\/comments?post=170339"}],"version-history":[{"count":10,"href":"https:\/\/santemc.quebec\/icentre\/wp-json\/wp\/v2\/posts\/170339\/revisions"}],"predecessor-version":[{"id":170607,"href":"https:\/\/santemc.quebec\/icentre\/wp-json\/wp\/v2\/posts\/170339\/revisions\/170607"}],"wp:attachment":[{"href":"https:\/\/santemc.quebec\/icentre\/wp-json\/wp\/v2\/media?parent=170339"}],"wp:term":[{"taxonomy":"category","embeddable":true,"href":"https:\/\/santemc.quebec\/icentre\/wp-json\/wp\/v2\/categories?post=170339"},{"taxonomy":"post_tag","embeddable":true,"href":"https:\/\/santemc.quebec\/icentre\/wp-json\/wp\/v2\/tags?post=170339"}],"curies":[{"name":"wp","href":"https:\/\/api.w.org\/{rel}","templated":true}]}}