{"id":170550,"date":"2019-11-29T10:16:07","date_gmt":"2019-11-29T15:16:07","guid":{"rendered":"http:\/\/santemc.quebec\/icentre\/?p=170550"},"modified":"2019-11-29T10:17:46","modified_gmt":"2019-11-29T15:17:46","slug":"dre-maryse-guay-lance-un-livre-sur-les-hesitations-a-la-vaccination","status":"publish","type":"post","link":"https:\/\/santemc.quebec\/icentre\/dre-maryse-guay-lance-un-livre-sur-les-hesitations-a-la-vaccination\/","title":{"rendered":"Dre Maryse Guay lance un livre sur les h\u00e9sitations \u00e0 la vaccination"},"content":{"rendered":"<div id=\"attachment_170551\" style=\"width: 310px\" class=\"wp-caption alignleft\"><img aria-describedby=\"caption-attachment-170551\" decoding=\"async\" loading=\"lazy\" class=\"wp-image-170551 size-medium\" src=\"https:\/\/santemc.quebec\/santemc\/icentre\/wp-content\/uploads\/2019\/11\/CR-CSIS_Maryse_Guay_\u00a9JustineLatour_web-022-300x198.jpg\" alt=\"\" width=\"300\" height=\"198\" srcset=\"https:\/\/santemc.quebec\/santemc\/icentre\/wp-content\/uploads\/2019\/11\/CR-CSIS_Maryse_Guay_\u00a9JustineLatour_web-022-300x198.jpg 300w, https:\/\/santemc.quebec\/santemc\/icentre\/wp-content\/uploads\/2019\/11\/CR-CSIS_Maryse_Guay_\u00a9JustineLatour_web-022-768x507.jpg 768w, https:\/\/santemc.quebec\/santemc\/icentre\/wp-content\/uploads\/2019\/11\/CR-CSIS_Maryse_Guay_\u00a9JustineLatour_web-022-1024x676.jpg 1024w, https:\/\/santemc.quebec\/santemc\/icentre\/wp-content\/uploads\/2019\/11\/CR-CSIS_Maryse_Guay_\u00a9JustineLatour_web-022-455x300.jpg 455w, https:\/\/santemc.quebec\/santemc\/icentre\/wp-content\/uploads\/2019\/11\/CR-CSIS_Maryse_Guay_\u00a9JustineLatour_web-022.jpg 1200w\" sizes=\"(max-width: 300px) 100vw, 300px\" \/><p id=\"caption-attachment-170551\" class=\"wp-caption-text\">Dre Maryse Guay<\/p><\/div>\n<p>Dre Maryse Guay, directrice du\u00a0Centre de recherche Charles-Le Moyne \u2013 Saguenay \u2013 Lac-Saint-Jean sur les innovations en sant\u00e9, lan\u00e7ait ce mercredi 27 novembre 2019, dans le cadre des Journ\u00e9es annuelles de sant\u00e9 publique, la version fran\u00e7aise d\u2019un livre dont elle est la co\u00e9ditrice au sujet de l&rsquo;h\u00e9sitation face \u00e0 la vaccination.<!--more--><\/p>\n<p>Intitul\u00e9,\u00a0<i>LA SANT\u00c9 PUBLIQUE \u00c0 UNE \u00c8RE\u00a0MARQU\u00c9E PAR LE DOUTE. Origines religieuses et culturelles de l\u2019h\u00e9sitation des Canadiens face \u00e0 la vaccination<\/i>, cet ouvrage collectif vise \u00e0 mieux faire conna\u00eetre, au public en g\u00e9n\u00e9ral et aux milieux universitaires, les raisons pour lesquelles les Canadiens sont r\u00e9ticents \u00e0 la vaccination. Les \u00e9diteurs ont fait appel, pour cet ouvrage, \u00e0 de nombreux sp\u00e9cialistes qui font une analyse critique de diff\u00e9rentes questions : innocuit\u00e9 des vaccins, arguments des opposants \u00e0 la vaccination et ampleur de leur opposition, connaissance des r\u00e9sultats de la recherche m\u00e9dicale dans le grand public et effets des convictions personnelles<\/p>\n<p>sur les d\u00e9cisions individuelles et la sant\u00e9 publique.<\/p>\n<p>Pr\u00e8s d\u2019une trentaine de personnes, collaborateurs et sp\u00e9cialistes de la question, assistaient \u00e0 cette rencontre joyeuse et conviviale qui venait couronner le fruit d\u2019une longue d\u00e9marche qui a d\u00e9but\u00e9 en 2011. L\u2019ouvrage en fran\u00e7ais est disponible gratuitement en ligne au\u00a0:\u00a0<a id=\"LPNoLP720679\" href=\"https:\/\/savoirs.usherbrooke.ca\/handle\/11143\/5852\" target=\"_blank\" rel=\"noopener noreferrer\" data-auth=\"NotApplicable\">https:\/\/savoirs.usherbrooke.ca\/handle\/11143\/5852<\/a><\/p>\n<p>Dre Guay a accord\u00e9 une entrevue \u00e0 ce sujet \u00e0 la journaliste Isabelle Craig, de Radio-Canada. L&rsquo;entrevue a \u00e9t\u00e9 diffus\u00e9e jeudi, \u00e0 6h39, \u00e0 l&rsquo;\u00e9mission\u00a0<i>Tout un matin,<\/i>\u00a0anim\u00e9e par Patrick Masbourian. Pour l&rsquo;\u00e9couter, utilisez ce lien:<\/p>\n<p><a id=\"LPlnk978907\" href=\"https:\/\/ici.radio-canada.ca\/premiere\/emissions\/tout-un-matin\" target=\"_blank\" rel=\"noopener noreferrer\" data-auth=\"NotApplicable\">https:\/\/ici.radio-canada.ca\/premiere\/emissions\/tout-un-matin<\/a><\/p>\n<p>&nbsp;<\/p>\n<p><a href=\"https:\/\/santemc.quebec\/santemc\/icentre\/wp-content\/uploads\/2019\/11\/IMG_20191127_173950.jpg\"><img decoding=\"async\" loading=\"lazy\" class=\"alignleft size-medium wp-image-170554\" src=\"https:\/\/santemc.quebec\/santemc\/icentre\/wp-content\/uploads\/2019\/11\/IMG_20191127_173950-300x225.jpg\" alt=\"\" width=\"300\" height=\"225\" srcset=\"https:\/\/santemc.quebec\/santemc\/icentre\/wp-content\/uploads\/2019\/11\/IMG_20191127_173950-300x225.jpg 300w, https:\/\/santemc.quebec\/santemc\/icentre\/wp-content\/uploads\/2019\/11\/IMG_20191127_173950-400x300.jpg 400w, https:\/\/santemc.quebec\/santemc\/icentre\/wp-content\/uploads\/2019\/11\/IMG_20191127_173950.jpg 500w\" sizes=\"(max-width: 300px) 100vw, 300px\" \/><\/a> <a href=\"https:\/\/santemc.quebec\/santemc\/icentre\/wp-content\/uploads\/2019\/11\/IMG_20191127_174022.jpg\"><img decoding=\"async\" loading=\"lazy\" class=\"alignleft size-medium wp-image-170555\" src=\"https:\/\/santemc.quebec\/santemc\/icentre\/wp-content\/uploads\/2019\/11\/IMG_20191127_174022-300x225.jpg\" alt=\"\" width=\"300\" height=\"225\" srcset=\"https:\/\/santemc.quebec\/santemc\/icentre\/wp-content\/uploads\/2019\/11\/IMG_20191127_174022-300x225.jpg 300w, https:\/\/santemc.quebec\/santemc\/icentre\/wp-content\/uploads\/2019\/11\/IMG_20191127_174022-400x300.jpg 400w, https:\/\/santemc.quebec\/santemc\/icentre\/wp-content\/uploads\/2019\/11\/IMG_20191127_174022.jpg 500w\" sizes=\"(max-width: 300px) 100vw, 300px\" \/><\/a><\/p>\n","protected":false},"excerpt":{"rendered":"<p>Dre Maryse Guay, directrice du\u00a0Centre de recherche Charles-Le Moyne \u2013 Saguenay \u2013 Lac-Saint-Jean sur les innovations en sant\u00e9, lan\u00e7ait ce mercredi 27 novembre 2019, dans le cadre des Journ\u00e9es annuelles de sant\u00e9 publique, la version fran\u00e7aise d\u2019un livre dont elle &hellip; <a href=\"https:\/\/santemc.quebec\/icentre\/dre-maryse-guay-lance-un-livre-sur-les-hesitations-a-la-vaccination\/\">Continuer la lecture <span class=\"meta-nav\">&rarr;<\/span><\/a><\/p>\n","protected":false},"author":1,"featured_media":0,"comment_status":"open","ping_status":"closed","sticky":false,"template":"","format":"standard","meta":{"footnotes":""},"categories":[1],"tags":[],"_links":{"self":[{"href":"https:\/\/santemc.quebec\/icentre\/wp-json\/wp\/v2\/posts\/170550"}],"collection":[{"href":"https:\/\/santemc.quebec\/icentre\/wp-json\/wp\/v2\/posts"}],"about":[{"href":"https:\/\/santemc.quebec\/icentre\/wp-json\/wp\/v2\/types\/post"}],"author":[{"embeddable":true,"href":"https:\/\/santemc.quebec\/icentre\/wp-json\/wp\/v2\/users\/1"}],"replies":[{"embeddable":true,"href":"https:\/\/santemc.quebec\/icentre\/wp-json\/wp\/v2\/comments?post=170550"}],"version-history":[{"count":3,"href":"https:\/\/santemc.quebec\/icentre\/wp-json\/wp\/v2\/posts\/170550\/revisions"}],"predecessor-version":[{"id":170556,"href":"https:\/\/santemc.quebec\/icentre\/wp-json\/wp\/v2\/posts\/170550\/revisions\/170556"}],"wp:attachment":[{"href":"https:\/\/santemc.quebec\/icentre\/wp-json\/wp\/v2\/media?parent=170550"}],"wp:term":[{"taxonomy":"category","embeddable":true,"href":"https:\/\/santemc.quebec\/icentre\/wp-json\/wp\/v2\/categories?post=170550"},{"taxonomy":"post_tag","embeddable":true,"href":"https:\/\/santemc.quebec\/icentre\/wp-json\/wp\/v2\/tags?post=170550"}],"curies":[{"name":"wp","href":"https:\/\/api.w.org\/{rel}","templated":true}]}}