{"id":170602,"date":"2019-11-29T13:58:35","date_gmt":"2019-11-29T18:58:35","guid":{"rendered":"http:\/\/santemc.quebec\/icentre\/?p=170602"},"modified":"2019-11-29T14:19:57","modified_gmt":"2019-11-29T19:19:57","slug":"plus-de-1000-rubans-blancs-distribues-a-lhopital-charles-le-moyne","status":"publish","type":"post","link":"https:\/\/santemc.quebec\/icentre\/plus-de-1000-rubans-blancs-distribues-a-lhopital-charles-le-moyne\/","title":{"rendered":"Plus de 1000 rubans blancs distribu\u00e9s \u00e0 l\u2019H\u00f4pital Charles-Le Moyne"},"content":{"rendered":"<p><a href=\"https:\/\/santemc.quebec\/santemc\/icentre\/wp-content\/uploads\/2019\/11\/IMG_7920.jpg\"><img decoding=\"async\" loading=\"lazy\" class=\"alignleft size-medium wp-image-170604\" src=\"https:\/\/santemc.quebec\/santemc\/icentre\/wp-content\/uploads\/2019\/11\/IMG_7920-300x225.jpg\" alt=\"\" width=\"300\" height=\"225\" srcset=\"https:\/\/santemc.quebec\/santemc\/icentre\/wp-content\/uploads\/2019\/11\/IMG_7920-300x225.jpg 300w, https:\/\/santemc.quebec\/santemc\/icentre\/wp-content\/uploads\/2019\/11\/IMG_7920-768x576.jpg 768w, https:\/\/santemc.quebec\/santemc\/icentre\/wp-content\/uploads\/2019\/11\/IMG_7920-1024x768.jpg 1024w, https:\/\/santemc.quebec\/santemc\/icentre\/wp-content\/uploads\/2019\/11\/IMG_7920-400x300.jpg 400w\" sizes=\"(max-width: 300px) 100vw, 300px\" \/><\/a>Plus de 1000 rubans blancs ont \u00e9t\u00e9 distribu\u00e9s hier \u00e0 l\u2019H\u00f4pital Charles-Le Moyne dans le cadre des 12 \u200bjours\u200b\u200b d\u2019action contre les violences faites aux femmes. Cet \u00e9v\u00e9nement, sous le th\u00e8me \u00ab30 ans plus tard, croyez-nous aussi!\u00bb, rappelle que trois d\u00e9cennies apr\u00e8s l\u2019attentat commis \u00e0 l\u2019\u00e9cole Polytechnique, les violences \u00e0 l\u2019\u00e9gard des femmes persistent et s\u2019accentuent, particuli\u00e8rement aupr\u00e8s des femmes marginalis\u00e9es.<!--more--><\/p>\n<p>En distribuant ces rubans au personnel, aux m\u00e9decins, aux b\u00e9n\u00e9voles et aux visiteurs, des repr\u00e9sentant\u200bes des services de police, des organismes communautaires et des intervenant\u200bes du CISSS de la Mont\u00e9r\u00e9gie-Centre ajoutent leur voix \u00e0 celle de tou\u200btes les \u200bpersonnes qui d\u00e9noncent l\u200bes violence\u200bs subie\u200bs par les femmes.<\/p>\n<p>Sur la photo, on aper\u00e7oit les responsables de l&rsquo;activit\u00e9 : Katy Laframboise, Service de police de la ville de Longueuil, Maria Papadakis, Com\u2019Femme, Deborah Pearson, directrice du Pavillon Marguerite de Champlain, Katy Fortin, Service de police de la Ville de Longueuil, Mich\u00e8le Ouimet, organisatrice communautaire du CISSSMC, St\u00e9phanie Jean Racine, stagiaire en travail social, Val\u00e9rie Burke, travailleuse sociale du CISSSMC, Rachel Fortin, Pavillon Marguerite de Champlain, Louise Gendron, directrice adjointe du Service de police de la Ville de Longueuil, Linda Murphy, coordonnatrice des m\u00e9canismes d\u2019acc\u00e8s \u00e0 l\u2019h\u00e9bergement, des niveaux de soins alternatifs et des services psychosociaux du CISSSMC, Nathalie Ruest, chef des programmes r\u00e9gionaux et communautaires du CISSSMC et St\u00e9phanie Richard, travailleuse sociale (absente de la photo).<\/p>\n<p>&nbsp;<\/p>\n","protected":false},"excerpt":{"rendered":"<p>Plus de 1000 rubans blancs ont \u00e9t\u00e9 distribu\u00e9s hier \u00e0 l\u2019H\u00f4pital Charles-Le Moyne dans le cadre des 12 \u200bjours\u200b\u200b d\u2019action contre les violences faites aux femmes. Cet \u00e9v\u00e9nement, sous le th\u00e8me \u00ab30 ans plus tard, croyez-nous aussi!\u00bb, rappelle que trois &hellip; <a href=\"https:\/\/santemc.quebec\/icentre\/plus-de-1000-rubans-blancs-distribues-a-lhopital-charles-le-moyne\/\">Continuer la lecture <span class=\"meta-nav\">&rarr;<\/span><\/a><\/p>\n","protected":false},"author":1,"featured_media":0,"comment_status":"open","ping_status":"closed","sticky":false,"template":"","format":"standard","meta":{"footnotes":""},"categories":[1],"tags":[],"_links":{"self":[{"href":"https:\/\/santemc.quebec\/icentre\/wp-json\/wp\/v2\/posts\/170602"}],"collection":[{"href":"https:\/\/santemc.quebec\/icentre\/wp-json\/wp\/v2\/posts"}],"about":[{"href":"https:\/\/santemc.quebec\/icentre\/wp-json\/wp\/v2\/types\/post"}],"author":[{"embeddable":true,"href":"https:\/\/santemc.quebec\/icentre\/wp-json\/wp\/v2\/users\/1"}],"replies":[{"embeddable":true,"href":"https:\/\/santemc.quebec\/icentre\/wp-json\/wp\/v2\/comments?post=170602"}],"version-history":[{"count":2,"href":"https:\/\/santemc.quebec\/icentre\/wp-json\/wp\/v2\/posts\/170602\/revisions"}],"predecessor-version":[{"id":170605,"href":"https:\/\/santemc.quebec\/icentre\/wp-json\/wp\/v2\/posts\/170602\/revisions\/170605"}],"wp:attachment":[{"href":"https:\/\/santemc.quebec\/icentre\/wp-json\/wp\/v2\/media?parent=170602"}],"wp:term":[{"taxonomy":"category","embeddable":true,"href":"https:\/\/santemc.quebec\/icentre\/wp-json\/wp\/v2\/categories?post=170602"},{"taxonomy":"post_tag","embeddable":true,"href":"https:\/\/santemc.quebec\/icentre\/wp-json\/wp\/v2\/tags?post=170602"}],"curies":[{"name":"wp","href":"https:\/\/api.w.org\/{rel}","templated":true}]}}