{"id":172462,"date":"2019-12-05T10:15:51","date_gmt":"2019-12-05T15:15:51","guid":{"rendered":"http:\/\/santemc.quebec\/icentre\/?p=172462"},"modified":"2019-12-05T10:22:22","modified_gmt":"2019-12-05T15:22:22","slug":"concours-de-dessin-de-noel-devoilement-des-finalistes-et-gagnantes","status":"publish","type":"post","link":"https:\/\/santemc.quebec\/icentre\/concours-de-dessin-de-noel-devoilement-des-finalistes-et-gagnantes\/","title":{"rendered":"Concours de dessin de no\u00ebl : d\u00e9voilement des finalistes et gagnantes"},"content":{"rendered":"<p><a href=\"https:\/\/santemc.quebec\/santemc\/icentre\/wp-content\/uploads\/2019\/11\/iStock-1053590244_2-1.jpg\"><img decoding=\"async\" loading=\"lazy\" class=\"alignleft wp-image-162748 \" src=\"https:\/\/santemc.quebec\/santemc\/icentre\/wp-content\/uploads\/2019\/11\/iStock-1053590244_2-1-211x300.jpg\" alt=\"\" width=\"153\" height=\"213\" \/><\/a><\/p>\n<p>La quatri\u00e8me \u00e9dition du concours de dessin lanc\u00e9 sous le th\u00e8me \u00ab \u00c0 quoi ressemble ton paysage du temps des f\u00eates? \u00bb est maintenant termin\u00e9e et les gagnantes ont \u00e9t\u00e9 identifi\u00e9es. Encore cette ann\u00e9e, les enfants des employ\u00e9s et des m\u00e9decins \u00e9taient invit\u00e9s \u00e0 soumettre une de leurs cr\u00e9ations pour ainsi courir la chance d\u2019illustrer les cartes de v\u0153ux organisationnelles et de gagner un cadeau-surprise!<\/p>\n<p><!--more--><\/p>\n<p>Rappelons que le choix final des dessins gagnants a \u00e9t\u00e9 effectu\u00e9 par les enfants hospitalis\u00e9s sur les unit\u00e9s de p\u00e9diatrie de nos deux h\u00f4pitaux. Ces derniers ont eu l\u2019heureuse t\u00e2che de trancher parmi les dessins finalistes pour chacune des cat\u00e9gories d\u2019\u00e2ge.<\/p>\n<p>Les dessins de Lauriane Audette (6 ans), d\u2019Ana\u00efs Champagne (8 ans) et d\u2019\u00c8ve Leblanc (11 ans) ont donc \u00e9t\u00e9 choisis pour illustrer les cartes de souhaits de notre \u00e9tablissement. De plus, les jeunes gagnantes ont re\u00e7u de petits cadeaux afin de souligner leur talent et les encourager \u00e0 continuer \u00e0 d\u00e9velopper leur cr\u00e9ativit\u00e9.<\/p>\n<p>F\u00e9licitations aux gagnantes et \u00e0 tous les jeunes artistes qui ont particip\u00e9 au concours!<\/p>\n<p>[huge_it_slider id=\u00a0\u00bb28&Prime;]<\/p>\n<p>&nbsp;<\/p>\n<div id=\"attachment_172464\" style=\"width: 594px\" class=\"wp-caption aligncenter\"><a href=\"https:\/\/santemc.quebec\/santemc\/icentre\/wp-content\/uploads\/2019\/12\/Anais_Lauriane-et-cie.jpg\"><img aria-describedby=\"caption-attachment-172464\" decoding=\"async\" loading=\"lazy\" class=\"wp-image-172464 size-large\" src=\"https:\/\/santemc.quebec\/santemc\/icentre\/wp-content\/uploads\/2019\/12\/Anais_Lauriane-et-cie-1024x768.jpg\" alt=\"\" width=\"584\" height=\"438\" srcset=\"https:\/\/santemc.quebec\/santemc\/icentre\/wp-content\/uploads\/2019\/12\/Anais_Lauriane-et-cie-1024x768.jpg 1024w, https:\/\/santemc.quebec\/santemc\/icentre\/wp-content\/uploads\/2019\/12\/Anais_Lauriane-et-cie-300x225.jpg 300w, https:\/\/santemc.quebec\/santemc\/icentre\/wp-content\/uploads\/2019\/12\/Anais_Lauriane-et-cie-768x576.jpg 768w, https:\/\/santemc.quebec\/santemc\/icentre\/wp-content\/uploads\/2019\/12\/Anais_Lauriane-et-cie-400x300.jpg 400w\" sizes=\"(max-width: 584px) 100vw, 584px\" \/><\/a><p id=\"caption-attachment-172464\" class=\"wp-caption-text\">De gauche \u00e0 droite : Jessica Boulianne, maman d\u2019Ana\u00efs; Ana\u00efs Champagne, gagnante de la cat\u00e9gorie 7-9 ans; Richard Deschamps, pr\u00e9sident-directeur g\u00e9n\u00e9ral; Maryse Poupart, directrice g\u00e9n\u00e9rale adjointe aux programmes de soutien, d\u2019administration et de partenariats et directrice des ressources humaines, des communications et des affaires juridiques; Lauriane Audette, gagnante dans la cat\u00e9gorie 4-6 ans; et Marilyne S\u00e9guin-Th\u00e9berge, maman de Lauriane.<\/p><\/div>\n<div id=\"attachment_172465\" style=\"width: 594px\" class=\"wp-caption aligncenter\"><a href=\"https:\/\/santemc.quebec\/santemc\/icentre\/wp-content\/uploads\/2019\/12\/Eve_leblanc_02.jpg\"><img aria-describedby=\"caption-attachment-172465\" decoding=\"async\" loading=\"lazy\" class=\"wp-image-172465 size-large\" src=\"https:\/\/santemc.quebec\/santemc\/icentre\/wp-content\/uploads\/2019\/12\/Eve_leblanc_02-1024x768.jpg\" alt=\"\" width=\"584\" height=\"438\" srcset=\"https:\/\/santemc.quebec\/santemc\/icentre\/wp-content\/uploads\/2019\/12\/Eve_leblanc_02-1024x768.jpg 1024w, https:\/\/santemc.quebec\/santemc\/icentre\/wp-content\/uploads\/2019\/12\/Eve_leblanc_02-300x225.jpg 300w, https:\/\/santemc.quebec\/santemc\/icentre\/wp-content\/uploads\/2019\/12\/Eve_leblanc_02-768x576.jpg 768w, https:\/\/santemc.quebec\/santemc\/icentre\/wp-content\/uploads\/2019\/12\/Eve_leblanc_02-400x300.jpg 400w\" sizes=\"(max-width: 584px) 100vw, 584px\" \/><\/a><p id=\"caption-attachment-172465\" class=\"wp-caption-text\">De gauche \u00e0 droite : Le papa d\u2019\u00c8ve, V\u00e9ronique Phaneuf, maman d\u2019\u00c8ve; Maryse Poupart, directrice g\u00e9n\u00e9rale adjointe aux programmes de soutien, d\u2019administration et de partenariats et directrice des ressources humaines, des communications et des affaires juridiques; \u00c8ve Leblanc, gagnante dans la cat\u00e9gorie 10-12 ans; et Richard Deschamps, pr\u00e9sident-directeur g\u00e9n\u00e9ral.<\/p><\/div>\n","protected":false},"excerpt":{"rendered":"<p>La quatri\u00e8me \u00e9dition du concours de dessin lanc\u00e9 sous le th\u00e8me \u00ab \u00c0 quoi ressemble ton paysage du temps des f\u00eates? \u00bb est maintenant termin\u00e9e et les gagnantes ont \u00e9t\u00e9 identifi\u00e9es. Encore cette ann\u00e9e, les enfants des employ\u00e9s et des &hellip; <a href=\"https:\/\/santemc.quebec\/icentre\/concours-de-dessin-de-noel-devoilement-des-finalistes-et-gagnantes\/\">Continuer la lecture <span class=\"meta-nav\">&rarr;<\/span><\/a><\/p>\n","protected":false},"author":9,"featured_media":0,"comment_status":"open","ping_status":"closed","sticky":false,"template":"","format":"standard","meta":{"footnotes":""},"categories":[1],"tags":[],"_links":{"self":[{"href":"https:\/\/santemc.quebec\/icentre\/wp-json\/wp\/v2\/posts\/172462"}],"collection":[{"href":"https:\/\/santemc.quebec\/icentre\/wp-json\/wp\/v2\/posts"}],"about":[{"href":"https:\/\/santemc.quebec\/icentre\/wp-json\/wp\/v2\/types\/post"}],"author":[{"embeddable":true,"href":"https:\/\/santemc.quebec\/icentre\/wp-json\/wp\/v2\/users\/9"}],"replies":[{"embeddable":true,"href":"https:\/\/santemc.quebec\/icentre\/wp-json\/wp\/v2\/comments?post=172462"}],"version-history":[{"count":9,"href":"https:\/\/santemc.quebec\/icentre\/wp-json\/wp\/v2\/posts\/172462\/revisions"}],"predecessor-version":[{"id":172519,"href":"https:\/\/santemc.quebec\/icentre\/wp-json\/wp\/v2\/posts\/172462\/revisions\/172519"}],"wp:attachment":[{"href":"https:\/\/santemc.quebec\/icentre\/wp-json\/wp\/v2\/media?parent=172462"}],"wp:term":[{"taxonomy":"category","embeddable":true,"href":"https:\/\/santemc.quebec\/icentre\/wp-json\/wp\/v2\/categories?post=172462"},{"taxonomy":"post_tag","embeddable":true,"href":"https:\/\/santemc.quebec\/icentre\/wp-json\/wp\/v2\/tags?post=172462"}],"curies":[{"name":"wp","href":"https:\/\/api.w.org\/{rel}","templated":true}]}}