{"id":173543,"date":"2019-12-09T11:30:18","date_gmt":"2019-12-09T16:30:18","guid":{"rendered":"http:\/\/santemc.quebec\/icentre\/?p=173543"},"modified":"2019-12-09T16:33:04","modified_gmt":"2019-12-09T21:33:04","slug":"recrutement-nos-employes-des-chsld-en-avant-plan","status":"publish","type":"post","link":"https:\/\/santemc.quebec\/icentre\/recrutement-nos-employes-des-chsld-en-avant-plan\/","title":{"rendered":"Recrutement : nos employ\u00e9s des CHSLD en avant-plan!"},"content":{"rendered":"<p><a href=\"https:\/\/santemc.quebec\/icentre\/?attachment_id=173546\" rel=\"attachment wp-att-173546\"><img decoding=\"async\" loading=\"lazy\" class=\"alignleft size-medium wp-image-173546\" src=\"https:\/\/santemc.quebec\/santemc\/icentre\/wp-content\/uploads\/2019\/12\/Capture-300x179.png\" alt=\"\" width=\"300\" height=\"179\" srcset=\"https:\/\/santemc.quebec\/santemc\/icentre\/wp-content\/uploads\/2019\/12\/Capture-300x179.png 300w, https:\/\/santemc.quebec\/santemc\/icentre\/wp-content\/uploads\/2019\/12\/Capture-500x298.png 500w, https:\/\/santemc.quebec\/santemc\/icentre\/wp-content\/uploads\/2019\/12\/Capture.png 546w\" sizes=\"(max-width: 300px) 100vw, 300px\" \/><\/a>Afin de combler plusieurs emplois de pr\u00e9pos\u00e9s aux b\u00e9n\u00e9ficiaires (PAB), infirmi\u00e8res auxiliaires et infirmi\u00e8res dans notre CISSS, l\u2019\u00e9quipe du service de l\u2019attraction, de la r\u00e9tention et de la dotation lance une nouvelle offensive de recrutement qui met en lumi\u00e8re les centres d\u2019h\u00e9bergement et de soins de longue dur\u00e9e.<\/p>\n<p>Mettant en vedette des employ\u00e9s de ce secteur, la campagne se d\u00e9ploie sur les r\u00e9seaux sociaux avec, entre autres, une vid\u00e9o tourn\u00e9e en novembre dernier au CHSLD Henriette-C\u00e9r\u00e9.<!--more--><\/p>\n<p>Cette vid\u00e9o, empreinte d\u2019\u00e9motions, illustre le milieu plein de vie qu\u2019est un CHSLD. Elle contribuera, nous l\u2019esp\u00e9rons, \u00e0 donner une image chaleureuse et humaine des centres d\u2019h\u00e9bergement et de soins de longue dur\u00e9e et ainsi, encourager les futures ressources \u00e0 choisir ce secteur comme milieu de travail.<\/p>\n<p><iframe loading=\"lazy\" title=\"Un milieu plein de vie\" src=\"https:\/\/player.vimeo.com\/video\/378324141?dnt=1&amp;app_id=122963\" width=\"584\" height=\"329\" frameborder=\"0\" allow=\"autoplay; fullscreen\" allowfullscreen><\/iframe><\/p>\n<p>Nous remercions d\u2019ailleurs toutes les employ\u00e9es et r\u00e9sidents du CHSLD Henriette-C\u00e9r\u00e9 d\u2019avoir accept\u00e9 de partager ce moment avec notre \u00e9quipe. Ce fut une journ\u00e9e tr\u00e8s ressour\u00e7ante et riche en rencontres.<\/p>\n<p><strong>Bourse d\u2019\u00e9tudes pour les PAB<\/strong><\/p>\n<p>L\u2019offensive de recrutement pour les CHSLD s\u2019ins\u00e8re aussi dans toute la promotion des bourses d\u2019\u00e9tudes pour les PAB que le CISSS de la Mont\u00e9r\u00e9gie-Centre effectue en continu. Ces bourses, rappelons-nous, ont \u00e9t\u00e9 mises en place par le minist\u00e8re de la Sant\u00e9 et des Services sociaux (MSSS) afin d\u2019encourager et faciliter l\u2019embauche de PAB. Notons que notre organisation peut offrir jusqu\u2019\u00e0 81 bourses de 7500$ aux futurs \u00e9tudiants respectant les crit\u00e8res d\u2019admissibilit\u00e9.<\/p>\n<p>Une journ\u00e9e sp\u00e9ciale d\u2019embauche est d\u2019ailleurs d\u00e9di\u00e9e sp\u00e9cifiquement aux entrevues de PAB le 17 d\u00e9cembre prochain.<\/p>\n<p>Pour plus de d\u00e9tails concernant le programme de bourses d\u2019\u00e9tude PAB du CISSSMC, visitez l<a href=\"https:\/\/santemonteregie.qc.ca\/centre\/bourse-detudes-offertes-par-le-cisss-de-la-monteregie-centre\" target=\"_blank\" rel=\"noopener noreferrer\">a page \u00e0 cet effet sur le site Web<\/a>.<\/p>\n<div>Pour visionner la vid\u00e9o :\u00a0<a id=\"LPlnk965607\" href=\"https:\/\/santemonteregie.qc.ca\/centre\/pourquoi-le-cisssmc#toc-zone-vid-o\" target=\"_blank\" rel=\"noopener noreferrer\" data-auth=\"NotApplicable\">https:\/\/santemonteregie.qc.ca\/centre\/pourquoi-le-cisssmc#toc-zone-vid-o<\/a><\/div>\n<div><\/div>\n<div>Pour partager la vid\u00e9o sur vos r\u00e9seaux sociaux :<\/div>\n<ul>\n<li><a href=\"http:\/\/facebook.com\/cisssmc\/videos\/2379755245469348\" target=\"_blank\" rel=\"noopener noreferrer\">Facebook<\/a><\/li>\n<li><a href=\"https:\/\/www.linkedin.com\/feed\/update\/urn:li:activity:6609913222063538176\" target=\"_blank\" rel=\"noopener noreferrer\">LinkedIn<\/a><\/li>\n<\/ul>\n","protected":false},"excerpt":{"rendered":"<p>Afin de combler plusieurs emplois de pr\u00e9pos\u00e9s aux b\u00e9n\u00e9ficiaires (PAB), infirmi\u00e8res auxiliaires et infirmi\u00e8res dans notre CISSS, l\u2019\u00e9quipe du service de l\u2019attraction, de la r\u00e9tention et de la dotation lance une nouvelle offensive de recrutement qui met en lumi\u00e8re les &hellip; <a href=\"https:\/\/santemc.quebec\/icentre\/recrutement-nos-employes-des-chsld-en-avant-plan\/\">Continuer la lecture <span class=\"meta-nav\">&rarr;<\/span><\/a><\/p>\n","protected":false},"author":1,"featured_media":0,"comment_status":"open","ping_status":"closed","sticky":false,"template":"","format":"standard","meta":{"footnotes":""},"categories":[1],"tags":[],"_links":{"self":[{"href":"https:\/\/santemc.quebec\/icentre\/wp-json\/wp\/v2\/posts\/173543"}],"collection":[{"href":"https:\/\/santemc.quebec\/icentre\/wp-json\/wp\/v2\/posts"}],"about":[{"href":"https:\/\/santemc.quebec\/icentre\/wp-json\/wp\/v2\/types\/post"}],"author":[{"embeddable":true,"href":"https:\/\/santemc.quebec\/icentre\/wp-json\/wp\/v2\/users\/1"}],"replies":[{"embeddable":true,"href":"https:\/\/santemc.quebec\/icentre\/wp-json\/wp\/v2\/comments?post=173543"}],"version-history":[{"count":11,"href":"https:\/\/santemc.quebec\/icentre\/wp-json\/wp\/v2\/posts\/173543\/revisions"}],"predecessor-version":[{"id":173669,"href":"https:\/\/santemc.quebec\/icentre\/wp-json\/wp\/v2\/posts\/173543\/revisions\/173669"}],"wp:attachment":[{"href":"https:\/\/santemc.quebec\/icentre\/wp-json\/wp\/v2\/media?parent=173543"}],"wp:term":[{"taxonomy":"category","embeddable":true,"href":"https:\/\/santemc.quebec\/icentre\/wp-json\/wp\/v2\/categories?post=173543"},{"taxonomy":"post_tag","embeddable":true,"href":"https:\/\/santemc.quebec\/icentre\/wp-json\/wp\/v2\/tags?post=173543"}],"curies":[{"name":"wp","href":"https:\/\/api.w.org\/{rel}","templated":true}]}}