{"id":174984,"date":"2019-12-13T15:26:36","date_gmt":"2019-12-13T20:26:36","guid":{"rendered":"http:\/\/santemc.quebec\/icentre\/?p=174984"},"modified":"2019-12-13T15:27:13","modified_gmt":"2019-12-13T20:27:13","slug":"prix-dexcellence-les-emerveilleurs-dernier-blitz-de-mise-en-candidature","status":"publish","type":"post","link":"https:\/\/santemc.quebec\/icentre\/prix-dexcellence-les-emerveilleurs-dernier-blitz-de-mise-en-candidature\/","title":{"rendered":"Prix d\u2019excellence Les \u00c9merveilleurs : dernier blitz de mise en candidature!"},"content":{"rendered":"<p>Le 20 d\u00e9cembre est \u00e0 nos portes! Cette date marque la fin de la p\u00e9riode de mise en candidature pour les prix d\u2019excellence du CISSS Les \u00c9merveilleurs. Il ne vous reste donc que quelques jours pour mettre en lumi\u00e8re une personne ou une \u00e9quipe qui fait une diff\u00e9rence dans son milieu de travail. Nous savons que notre organisation regorge d\u2019individus de talent qui font une diff\u00e9rence exceptionnelle, individuellement ou en \u00e9quipe, pour les usagers et les coll\u00e8gues de travail.<\/p>\n<p><!--more--><\/p>\n<p><strong>Prix d\u2019\u00e9quipe<\/strong><\/p>\n<ul>\n<li>Prix Collaboration<\/li>\n<li>Prix Accessibilit\u00e9<\/li>\n<li>Prix Humanisation des soins<\/li>\n<li>Prix Rayonnement\/innovation<\/li>\n<li>Prix Performance<\/li>\n<\/ul>\n<p><strong>Prix individuels<\/strong><\/p>\n<ul>\n<li>Prix Humanisme<\/li>\n<li>Prix Engagement<\/li>\n<li>Prix Rel\u00e8ve<\/li>\n<li>Prix Hommage<\/li>\n<li>Prix Recherche<\/li>\n<li>Prix Enseignement<\/li>\n<\/ul>\n<p><strong>Quelques \u00e9tapes simples<br \/>\n<\/strong>N\u2019h\u00e9sitez pas \u00e0 consulter le guide de r\u00e9daction pr\u00e9par\u00e9 pour vous aider \u00e0 remplir les formulaires d\u2019inscription. Pour conna\u00eetre tous les d\u00e9tails sur les modalit\u00e9s et les crit\u00e8res d\u2019admissibilit\u00e9 des candidatures, les descriptions et crit\u00e8res de s\u00e9lection de chacun des prix ainsi que pour obtenir les formulaires de mise en candidature, nous vous invitons \u00e0 visiter le www.santemc.quebec\/emerveilleurs<\/p>\n<p>Date limite, 20 d\u00e9cembre 16 h.<\/p>\n","protected":false},"excerpt":{"rendered":"<p>Le 20 d\u00e9cembre est \u00e0 nos portes! Cette date marque la fin de la p\u00e9riode de mise en candidature pour les prix d\u2019excellence du CISSS Les \u00c9merveilleurs. Il ne vous reste donc que quelques jours pour mettre en lumi\u00e8re une &hellip; <a href=\"https:\/\/santemc.quebec\/icentre\/prix-dexcellence-les-emerveilleurs-dernier-blitz-de-mise-en-candidature\/\">Continuer la lecture <span class=\"meta-nav\">&rarr;<\/span><\/a><\/p>\n","protected":false},"author":1,"featured_media":0,"comment_status":"open","ping_status":"closed","sticky":false,"template":"","format":"standard","meta":{"footnotes":""},"categories":[1],"tags":[],"_links":{"self":[{"href":"https:\/\/santemc.quebec\/icentre\/wp-json\/wp\/v2\/posts\/174984"}],"collection":[{"href":"https:\/\/santemc.quebec\/icentre\/wp-json\/wp\/v2\/posts"}],"about":[{"href":"https:\/\/santemc.quebec\/icentre\/wp-json\/wp\/v2\/types\/post"}],"author":[{"embeddable":true,"href":"https:\/\/santemc.quebec\/icentre\/wp-json\/wp\/v2\/users\/1"}],"replies":[{"embeddable":true,"href":"https:\/\/santemc.quebec\/icentre\/wp-json\/wp\/v2\/comments?post=174984"}],"version-history":[{"count":2,"href":"https:\/\/santemc.quebec\/icentre\/wp-json\/wp\/v2\/posts\/174984\/revisions"}],"predecessor-version":[{"id":174986,"href":"https:\/\/santemc.quebec\/icentre\/wp-json\/wp\/v2\/posts\/174984\/revisions\/174986"}],"wp:attachment":[{"href":"https:\/\/santemc.quebec\/icentre\/wp-json\/wp\/v2\/media?parent=174984"}],"wp:term":[{"taxonomy":"category","embeddable":true,"href":"https:\/\/santemc.quebec\/icentre\/wp-json\/wp\/v2\/categories?post=174984"},{"taxonomy":"post_tag","embeddable":true,"href":"https:\/\/santemc.quebec\/icentre\/wp-json\/wp\/v2\/tags?post=174984"}],"curies":[{"name":"wp","href":"https:\/\/api.w.org\/{rel}","templated":true}]}}