{"id":175728,"date":"2019-12-16T13:20:29","date_gmt":"2019-12-16T18:20:29","guid":{"rendered":"http:\/\/santemc.quebec\/icentre\/?p=175728"},"modified":"2019-12-16T13:20:29","modified_gmt":"2019-12-16T18:20:29","slug":"maisons-des-aines-et-maisons-alternatives-510-nouvelles-places-dans-la-region-de-la-monteregie","status":"publish","type":"post","link":"https:\/\/santemc.quebec\/icentre\/maisons-des-aines-et-maisons-alternatives-510-nouvelles-places-dans-la-region-de-la-monteregie\/","title":{"rendered":"Maisons des a\u00een\u00e9s et maisons alternatives &#8211; 510 nouvelles places dans la r\u00e9gion de la Mont\u00e9r\u00e9gie"},"content":{"rendered":"<p>De passage dans la circonscription de Vachon pour une tourn\u00e9e avec le d\u00e9put\u00e9 Ian Lafreni\u00e8re, la ministre responsable des A\u00een\u00e9s et des Proches aidants, Marguerite Blais, a profit\u00e9 de l\u2019occasion la semaine derni\u00e8re pour annoncer, par voie de communiqu\u00e9, le nombre de nouvelles places qui seront cr\u00e9\u00e9es en maison des a\u00een\u00e9s et en maison alternative dans la r\u00e9gion de la Mont\u00e9r\u00e9gie.<!--more--><\/p>\n<p>Ainsi, ce sont 510 nouvelles places qui seront cr\u00e9\u00e9es, dont 460 places en maison des a\u00een\u00e9s et 50 places en maison alternative. La maison des a\u00een\u00e9s accueillera des a\u00een\u00e9s en perte d\u2019autonomie mod\u00e9r\u00e9e qui seront accompagn\u00e9s jusqu\u2019\u00e0 la perte d\u2019autonomie majeure. Quant \u00e0 la maison alternative, elle permettra d\u2019accueillir une client\u00e8le adulte ayant des besoins sp\u00e9cifiques.<\/p>\n<p>Ce projet de transformation majeure des milieux d\u2019h\u00e9bergement permettra d\u2019offrir aux r\u00e9sidents des milieux de vie modernes, plus fonctionnels et, surtout, \u00e0 dimension humaine et centr\u00e9s sur leurs besoins, qui se rapprochent davantage de ce qu\u2019ils avaient \u00e0 domicile.<\/p>\n<p>\u00ab Nous amor\u00e7ons un grand redressement des milieux d\u2019h\u00e9bergement pour les a\u00een\u00e9s, dans toutes les r\u00e9gions du Qu\u00e9bec. Ainsi, notre gouvernement \u00e9tablit un nouveau standard de qualit\u00e9 pour nos a\u00een\u00e9s en perte d\u2019autonomie et nos adultes ayant des besoins sp\u00e9cifiques, et leur redonne enfin la dignit\u00e9 qu\u2019ils m\u00e9ritent. \u00bb<\/p>\n<p><em>Marguerite Blais, ministre responsable des A\u00een\u00e9s et des Proches aidants<\/em><\/p>\n<p>\u00ab Je suis tr\u00e8s heureux que la ministre Marguerite Blais vienne sur le terrain, pr\u00e8s des gens, \u00e0 la rencontre des a\u00een\u00e9s de notre communaut\u00e9 de Vachon. Notre tourn\u00e9e aujourd\u2019hui est une belle occasion pour nous d\u00e9voiler les nouvelles places dans les maisons des a\u00een\u00e9s et alternatives qui seront cr\u00e9\u00e9es en Mont\u00e9r\u00e9gie. Notre gouvernement se donne les moyens d\u2019instaurer un changement concret, au b\u00e9n\u00e9fice des personnes a\u00een\u00e9es et leurs proches. \u00bb<\/p>\n<p><em>Ian Lafreni\u00e8re, d\u00e9put\u00e9 de Vachon<\/em><\/p>\n<p>&nbsp;<\/p>\n<p><strong>Faits saillants :<\/strong><\/p>\n<p>Dans les nouvelles maisons des a\u00een\u00e9s et maisons alternatives, ce sont 2 600 nouvelles places qui seront cr\u00e9\u00e9es, partout au Qu\u00e9bec, d\u2019ici 2022.<\/p>\n<p>Par ailleurs, le gouvernement a pour objectif de transformer plus de 2 500 places en centre d\u2019h\u00e9bergement et de soins de longue dur\u00e9e (CHSLD) pour adapter davantage certains milieux de vie aux besoins des a\u00een\u00e9s. De nombreux CHSLD existants feront l\u2019objet de r\u00e9novation, alors que d\u2019autres seront reconstruits en coh\u00e9rence avec la nouvelle approche en mati\u00e8re de services d\u2019h\u00e9bergement.<\/p>\n<p>Afin de r\u00e9partir les nouvelles places \u00e0 d\u00e9velopper dans le cadre des maisons des a\u00een\u00e9s et des maisons alternatives, une \u00e9valuation des besoins actuels et \u00e0 venir a \u00e9t\u00e9 r\u00e9alis\u00e9e pour l\u2019ensemble<\/p>\n<p>de la province, notamment par le biais d\u2019une projection du nombre de places en CHSLD qui seraient requises au cours des prochaines ann\u00e9es selon le vieillissement de la population, en tenant compte \u00e9galement du nombre de personnes en attente d\u2019un lit d\u2019h\u00e9bergement permanent en CHSLD par r\u00e9gion et par \u00e9tablissement.<\/p>\n<p>Les emplacements des maisons des a\u00een\u00e9s et alternatives seront connus et feront l\u2019objet d\u2019annonces ult\u00e9rieurement.<\/p>\n<p>&nbsp;<\/p>\n","protected":false},"excerpt":{"rendered":"<p>De passage dans la circonscription de Vachon pour une tourn\u00e9e avec le d\u00e9put\u00e9 Ian Lafreni\u00e8re, la ministre responsable des A\u00een\u00e9s et des Proches aidants, Marguerite Blais, a profit\u00e9 de l\u2019occasion la semaine derni\u00e8re pour annoncer, par voie de communiqu\u00e9, le &hellip; <a href=\"https:\/\/santemc.quebec\/icentre\/maisons-des-aines-et-maisons-alternatives-510-nouvelles-places-dans-la-region-de-la-monteregie\/\">Continuer la lecture <span class=\"meta-nav\">&rarr;<\/span><\/a><\/p>\n","protected":false},"author":1,"featured_media":0,"comment_status":"open","ping_status":"closed","sticky":false,"template":"","format":"standard","meta":{"footnotes":""},"categories":[1],"tags":[],"_links":{"self":[{"href":"https:\/\/santemc.quebec\/icentre\/wp-json\/wp\/v2\/posts\/175728"}],"collection":[{"href":"https:\/\/santemc.quebec\/icentre\/wp-json\/wp\/v2\/posts"}],"about":[{"href":"https:\/\/santemc.quebec\/icentre\/wp-json\/wp\/v2\/types\/post"}],"author":[{"embeddable":true,"href":"https:\/\/santemc.quebec\/icentre\/wp-json\/wp\/v2\/users\/1"}],"replies":[{"embeddable":true,"href":"https:\/\/santemc.quebec\/icentre\/wp-json\/wp\/v2\/comments?post=175728"}],"version-history":[{"count":1,"href":"https:\/\/santemc.quebec\/icentre\/wp-json\/wp\/v2\/posts\/175728\/revisions"}],"predecessor-version":[{"id":175729,"href":"https:\/\/santemc.quebec\/icentre\/wp-json\/wp\/v2\/posts\/175728\/revisions\/175729"}],"wp:attachment":[{"href":"https:\/\/santemc.quebec\/icentre\/wp-json\/wp\/v2\/media?parent=175728"}],"wp:term":[{"taxonomy":"category","embeddable":true,"href":"https:\/\/santemc.quebec\/icentre\/wp-json\/wp\/v2\/categories?post=175728"},{"taxonomy":"post_tag","embeddable":true,"href":"https:\/\/santemc.quebec\/icentre\/wp-json\/wp\/v2\/tags?post=175728"}],"curies":[{"name":"wp","href":"https:\/\/api.w.org\/{rel}","templated":true}]}}