{"id":175730,"date":"2019-12-16T13:22:41","date_gmt":"2019-12-16T18:22:41","guid":{"rendered":"http:\/\/santemc.quebec\/icentre\/?p=175730"},"modified":"2019-12-16T13:34:44","modified_gmt":"2019-12-16T18:34:44","slug":"de-la-grande-visite","status":"publish","type":"post","link":"https:\/\/santemc.quebec\/icentre\/de-la-grande-visite\/","title":{"rendered":"De la grande visite !"},"content":{"rendered":"<div id=\"attachment_175731\" style=\"width: 310px\" class=\"wp-caption alignleft\"><img aria-describedby=\"caption-attachment-175731\" decoding=\"async\" loading=\"lazy\" class=\"wp-image-175731 size-medium\" src=\"https:\/\/santemc.quebec\/santemc\/icentre\/wp-content\/uploads\/2019\/12\/tt-300x225.jpg\" alt=\"\" width=\"300\" height=\"225\" srcset=\"https:\/\/santemc.quebec\/santemc\/icentre\/wp-content\/uploads\/2019\/12\/tt-300x225.jpg 300w, https:\/\/santemc.quebec\/santemc\/icentre\/wp-content\/uploads\/2019\/12\/tt-400x300.jpg 400w, https:\/\/santemc.quebec\/santemc\/icentre\/wp-content\/uploads\/2019\/12\/tt.jpg 640w\" sizes=\"(max-width: 300px) 100vw, 300px\" \/><p id=\"caption-attachment-175731\" class=\"wp-caption-text\">Sur la photo : Richard Deschamps, PDG du CISSSMC, Isabelle Caron, chef d\u2019unit\u00e9 du CHSLD Henriette-C\u00e9r\u00e9, Ian Lafreni\u00e8re, d\u00e9put\u00e9 de Vachon et Marguerite Blais, ministre responsable des A\u00een\u00e9s et des Proches aidants.<\/p><\/div>\n<p>Le mardi 10 d\u00e9cembre dernier, madame Marguerite Blais, ministre responsable des A\u00een\u00e9s et des Proches aidants et monsieur Ian Lafreni\u00e8re, d\u00e9put\u00e9 de Vachon, \u00e9taient\u00a0 dans notre r\u00e9gion, \u00e0 Saint-Hubert, pour y faire une tourn\u00e9e de quelques ressources d\u2019h\u00e9bergement pour personnes \u00e2g\u00e9es.<\/p>\n<p>Dans un contexte convivial et informel, ils ont visit\u00e9 le CHSLD Henriette-C\u00e9r\u00e9, le CHSLD Marguerite-Rocheleau ainsi que la r\u00e9sidence priv\u00e9e pour a\u00een\u00e9s La Verri\u00e8re. <!--more-->Accompagn\u00e9s de notre pr\u00e9sident-directeur g\u00e9n\u00e9ral, monsieur Richard Deschamps et de madame Lyne Marquis, directrice g\u00e9n\u00e9rale adjointe aux programmes sociaux, \u00e0 la r\u00e9adaptation et \u00e0 la canc\u00e9rologie, ils ont pu y appr\u00e9cier la diversit\u00e9 des milieux de vie offerts \u00e0 nos usagers et discuter des solutions d\u2019h\u00e9bergement requises pour r\u00e9pondre aux besoins de notre population.<\/p>\n<p>La ministre responsable des A\u00een\u00e9s et des proches aidants n\u2019a eu que de bons mots envers la qualit\u00e9 du milieu de vie qu\u2019offre le CHSLD Henriette-C\u00e9r\u00e9.<\/p>\n<p>&nbsp;<\/p>\n","protected":false},"excerpt":{"rendered":"<p>Le mardi 10 d\u00e9cembre dernier, madame Marguerite Blais, ministre responsable des A\u00een\u00e9s et des Proches aidants et monsieur Ian Lafreni\u00e8re, d\u00e9put\u00e9 de Vachon, \u00e9taient\u00a0 dans notre r\u00e9gion, \u00e0 Saint-Hubert, pour y faire une tourn\u00e9e de quelques ressources d\u2019h\u00e9bergement pour personnes &hellip; <a href=\"https:\/\/santemc.quebec\/icentre\/de-la-grande-visite\/\">Continuer la lecture <span class=\"meta-nav\">&rarr;<\/span><\/a><\/p>\n","protected":false},"author":1,"featured_media":0,"comment_status":"open","ping_status":"closed","sticky":false,"template":"","format":"standard","meta":{"footnotes":""},"categories":[1],"tags":[],"_links":{"self":[{"href":"https:\/\/santemc.quebec\/icentre\/wp-json\/wp\/v2\/posts\/175730"}],"collection":[{"href":"https:\/\/santemc.quebec\/icentre\/wp-json\/wp\/v2\/posts"}],"about":[{"href":"https:\/\/santemc.quebec\/icentre\/wp-json\/wp\/v2\/types\/post"}],"author":[{"embeddable":true,"href":"https:\/\/santemc.quebec\/icentre\/wp-json\/wp\/v2\/users\/1"}],"replies":[{"embeddable":true,"href":"https:\/\/santemc.quebec\/icentre\/wp-json\/wp\/v2\/comments?post=175730"}],"version-history":[{"count":3,"href":"https:\/\/santemc.quebec\/icentre\/wp-json\/wp\/v2\/posts\/175730\/revisions"}],"predecessor-version":[{"id":175734,"href":"https:\/\/santemc.quebec\/icentre\/wp-json\/wp\/v2\/posts\/175730\/revisions\/175734"}],"wp:attachment":[{"href":"https:\/\/santemc.quebec\/icentre\/wp-json\/wp\/v2\/media?parent=175730"}],"wp:term":[{"taxonomy":"category","embeddable":true,"href":"https:\/\/santemc.quebec\/icentre\/wp-json\/wp\/v2\/categories?post=175730"},{"taxonomy":"post_tag","embeddable":true,"href":"https:\/\/santemc.quebec\/icentre\/wp-json\/wp\/v2\/tags?post=175730"}],"curies":[{"name":"wp","href":"https:\/\/api.w.org\/{rel}","templated":true}]}}