{"id":176,"date":"2015-05-19T10:33:02","date_gmt":"2015-05-19T14:33:02","guid":{"rendered":"http:\/\/santemc.quebec\/journal\/?p=176"},"modified":"2015-05-19T10:33:15","modified_gmt":"2015-05-19T14:33:15","slug":"nomination-de-la-directrice-adjointe-des-services-professionnels-et-mecanismes-dacces","status":"publish","type":"post","link":"https:\/\/santemc.quebec\/icentre\/nomination-de-la-directrice-adjointe-des-services-professionnels-et-mecanismes-dacces\/","title":{"rendered":"Nomination de la directrice adjointe des services professionnels et m\u00e9canismes d\u2019acc\u00e8s"},"content":{"rendered":"<p>C\u2019est avec plaisir que je vous annonce la nomination de madame Nathalie B\u00e9rard au poste de directrice adjointe des services professionnels et m\u00e9canismes d\u2019acc\u00e8s pour le CISSS de la Mont\u00e9r\u00e9gie-Centre. Madame B\u00e9rard est inhaloth\u00e9rapeute de profession, a une formation universitaire en administration et en gestion des services de sant\u00e9 et des services sociaux. Elle a \u00e9galement termin\u00e9 un microprogramme de 2e cycle universitaire en gestion du changement et responsabilit\u00e9 populationnelle de m\u00eame qu\u2019une ma\u00eetrise en administration publique. Jusqu\u2019\u00e0 sa nomination, elle \u00e9tait directrice des programmes de sant\u00e9 physique par int\u00e9rim au CSSS Richelieu-Yamaska. Auparavant, elle a notamment \u00e9t\u00e9 directrice adjointe \u00e0 la direction des programmes de sant\u00e9 physique ainsi que chef des services d\u2019inhaloth\u00e9rapie et d\u2019\u00e9lectrophysiologie m\u00e9dicale au m\u00eame endroit.<!--more--><\/p>\n<p>Madame B\u00e9rard oeuvre dans le r\u00e9seau de la sant\u00e9 et des services sociaux depuis plus de 25 ans. Au cours de sa carri\u00e8re, elle a effectu\u00e9 de nombreuses r\u00e9organisations d\u2019activit\u00e9s clinico-administratives dans le but d\u2019am\u00e9liorer l\u2019efficacit\u00e9, la qualit\u00e9 et la pertinence des soins et services. Elle a \u00e9galement d\u00e9ploy\u00e9 des outils de gestion pour assurer le suivi des indicateurs en lien avec des projets prioritaires. Son exp\u00e9rience diversifi\u00e9e en milieu hospitalier lui permet d\u2019accompagner avec succ\u00e8s des \u00e9quipes \u00e0 travers divers changements de processus ainsi qu\u2019en p\u00e9riode de transition.<\/p>\n<p>Faisant preuve d\u2019un leadership mobilisateur, d\u2019habilet\u00e9s relationnelles et d\u2019un talent naturel pour les communications, elle a su d\u00e9ployer au cours de sa carri\u00e8re des approches novatrices d\u2019am\u00e9lioration continue. Passionn\u00e9e par la gestion, madame B\u00e9rard axe sa d\u00e9marche sur l\u2019exp\u00e9rience patient et la responsabilit\u00e9 populationnelle, mettant ainsi la client\u00e8le au coeur de tous les processus.<\/p>\n<p>Nous sommes tr\u00e8s heureux qu\u2019elle se joigne \u00e0 l\u2019\u00e9quipe de direction du CISSS de la Mont\u00e9r\u00e9gie-Centre et nous lui souhaitons la meilleure des chances dans l\u2019exercice de ses nouvelles fonctions, et tout le succ\u00e8s voulu dans la poursuite de sa carri\u00e8re.<\/p>\n","protected":false},"excerpt":{"rendered":"<p>C\u2019est avec plaisir que je vous annonce la nomination de madame Nathalie B\u00e9rard au poste de directrice adjointe des services professionnels et m\u00e9canismes d\u2019acc\u00e8s pour le CISSS de la Mont\u00e9r\u00e9gie-Centre. Madame B\u00e9rard est inhaloth\u00e9rapeute de profession, a une formation universitaire &hellip; <a href=\"https:\/\/santemc.quebec\/icentre\/nomination-de-la-directrice-adjointe-des-services-professionnels-et-mecanismes-dacces\/\">Continuer la lecture <span class=\"meta-nav\">&rarr;<\/span><\/a><\/p>\n","protected":false},"author":1,"featured_media":0,"comment_status":"open","ping_status":"closed","sticky":false,"template":"","format":"standard","meta":{"footnotes":""},"categories":[2,1],"tags":[8],"_links":{"self":[{"href":"https:\/\/santemc.quebec\/icentre\/wp-json\/wp\/v2\/posts\/176"}],"collection":[{"href":"https:\/\/santemc.quebec\/icentre\/wp-json\/wp\/v2\/posts"}],"about":[{"href":"https:\/\/santemc.quebec\/icentre\/wp-json\/wp\/v2\/types\/post"}],"author":[{"embeddable":true,"href":"https:\/\/santemc.quebec\/icentre\/wp-json\/wp\/v2\/users\/1"}],"replies":[{"embeddable":true,"href":"https:\/\/santemc.quebec\/icentre\/wp-json\/wp\/v2\/comments?post=176"}],"version-history":[{"count":1,"href":"https:\/\/santemc.quebec\/icentre\/wp-json\/wp\/v2\/posts\/176\/revisions"}],"predecessor-version":[{"id":177,"href":"https:\/\/santemc.quebec\/icentre\/wp-json\/wp\/v2\/posts\/176\/revisions\/177"}],"wp:attachment":[{"href":"https:\/\/santemc.quebec\/icentre\/wp-json\/wp\/v2\/media?parent=176"}],"wp:term":[{"taxonomy":"category","embeddable":true,"href":"https:\/\/santemc.quebec\/icentre\/wp-json\/wp\/v2\/categories?post=176"},{"taxonomy":"post_tag","embeddable":true,"href":"https:\/\/santemc.quebec\/icentre\/wp-json\/wp\/v2\/tags?post=176"}],"curies":[{"name":"wp","href":"https:\/\/api.w.org\/{rel}","templated":true}]}}