{"id":176006,"date":"2019-12-17T09:06:36","date_gmt":"2019-12-17T14:06:36","guid":{"rendered":"http:\/\/santemc.quebec\/icentre\/?p=176006"},"modified":"2019-12-17T09:06:57","modified_gmt":"2019-12-17T14:06:57","slug":"des-employes-et-medecins-de-lhopital-du-haut-richelieu-deviennent-des-peres-noel-dun-jour","status":"publish","type":"post","link":"https:\/\/santemc.quebec\/icentre\/des-employes-et-medecins-de-lhopital-du-haut-richelieu-deviennent-des-peres-noel-dun-jour\/","title":{"rendered":"Des employ\u00e9s et m\u00e9decins de l\u2019H\u00f4pital du Haut-Richelieu deviennent des P\u00e8res No\u00ebl d\u2019un jour"},"content":{"rendered":"<div id=\"attachment_176012\" style=\"width: 242px\" class=\"wp-caption alignleft\"><a href=\"https:\/\/santemc.quebec\/santemc\/icentre\/wp-content\/uploads\/2019\/12\/Equipe-urgence-HHR_16dec2019_2.png\"><img aria-describedby=\"caption-attachment-176012\" decoding=\"async\" loading=\"lazy\" class=\"size-medium wp-image-176012\" src=\"https:\/\/santemc.quebec\/santemc\/icentre\/wp-content\/uploads\/2019\/12\/Equipe-urgence-HHR_16dec2019_2-232x300.png\" alt=\"\" width=\"232\" height=\"300\" srcset=\"https:\/\/santemc.quebec\/santemc\/icentre\/wp-content\/uploads\/2019\/12\/Equipe-urgence-HHR_16dec2019_2-232x300.png 232w, https:\/\/santemc.quebec\/santemc\/icentre\/wp-content\/uploads\/2019\/12\/Equipe-urgence-HHR_16dec2019_2-768x993.png 768w, https:\/\/santemc.quebec\/santemc\/icentre\/wp-content\/uploads\/2019\/12\/Equipe-urgence-HHR_16dec2019_2-792x1024.png 792w, https:\/\/santemc.quebec\/santemc\/icentre\/wp-content\/uploads\/2019\/12\/Equipe-urgence-HHR_16dec2019_2.png 828w\" sizes=\"(max-width: 232px) 100vw, 232px\" \/><\/a><p id=\"caption-attachment-176012\" class=\"wp-caption-text\">Des membres de l\u2019\u00e9quipe de l&rsquo;urgence de l&rsquo;H\u00f4pital du Haut-Richelieu qui ont particip\u00e9 avec plaisir au projet!<\/p><\/div>\n<p>Les \u00e9quipes de l\u2019urgence et du bloc op\u00e9ratoire de l\u2019H\u00f4pital du Haut-Richelieu (HHR) ont choisi de jouer les P\u00e8res No\u00ebl pour venir en aide aux enfants vivant au sein d\u2019une famille d\u00e9favoris\u00e9e. Gr\u00e2ce \u00e0 l\u2019initiative de Dre Nadine Messier, les membres du personnel et m\u00e9decins de ces deux secteurs ont offert cette ann\u00e9e pas moins de 182 cadeaux aux enfants de la grande r\u00e9gion de Saint-Jean-sur-Richelieu.<\/p>\n<p><!--more--><\/p>\n<p>Depuis d\u00e9j\u00e0 10 ans, Dre Messier s\u2019associe \u00e0 certains organismes communautaires pour inviter les enfants des familles dans le besoin \u00e0 \u00e9crire au P\u00e8re No\u00ebl afin de demander des cadeaux. Chaque lettre est ensuite remise \u00e0 un employ\u00e9 ou m\u00e9decin qui s\u2019engage \u00e0 \u00ab\u00a0parrainer\u00a0\u00bb cet enfant en achetant un des cadeaux tant convoit\u00e9s. Tous les pr\u00e9sents sont ensuite remis aux organismes qui en font la distribution dans les familles.<\/p>\n<p>\u00ab Chaque enfant re\u00e7oit le cadeau qu\u2019il a demand\u00e9 au P\u00e8re No\u00ebl. C\u2019est un don personnalis\u00e9. Les gens qui participent au projet appr\u00e9cient vraiment le fait de recevoir une lettre \u00e9crite directement par un enfant \u00bb, explique April Fequet, chef de service du bloc op\u00e9ratoire\u2013HHR.<\/p>\n<div id=\"attachment_176008\" style=\"width: 310px\" class=\"wp-caption alignright\"><a href=\"https:\/\/santemc.quebec\/santemc\/icentre\/wp-content\/uploads\/2019\/12\/Equipe-bloc-HHR_16dec2019.jpg\"><img aria-describedby=\"caption-attachment-176008\" decoding=\"async\" loading=\"lazy\" class=\"size-medium wp-image-176008\" src=\"https:\/\/santemc.quebec\/santemc\/icentre\/wp-content\/uploads\/2019\/12\/Equipe-bloc-HHR_16dec2019-300x225.jpg\" alt=\"\" width=\"300\" height=\"225\" srcset=\"https:\/\/santemc.quebec\/santemc\/icentre\/wp-content\/uploads\/2019\/12\/Equipe-bloc-HHR_16dec2019-300x225.jpg 300w, https:\/\/santemc.quebec\/santemc\/icentre\/wp-content\/uploads\/2019\/12\/Equipe-bloc-HHR_16dec2019-768x576.jpg 768w, https:\/\/santemc.quebec\/santemc\/icentre\/wp-content\/uploads\/2019\/12\/Equipe-bloc-HHR_16dec2019-1024x768.jpg 1024w, https:\/\/santemc.quebec\/santemc\/icentre\/wp-content\/uploads\/2019\/12\/Equipe-bloc-HHR_16dec2019-400x300.jpg 400w, https:\/\/santemc.quebec\/santemc\/icentre\/wp-content\/uploads\/2019\/12\/Equipe-bloc-HHR_16dec2019.jpg 1280w\" sizes=\"(max-width: 300px) 100vw, 300px\" \/><\/a><p id=\"caption-attachment-176008\" class=\"wp-caption-text\">Une partie de l&rsquo;\u00e9quipe du bloc op\u00e9ratoire de HHR qui a particip\u00e9 \u00e0 l&rsquo;achat de cadeaux pour les enfants de la r\u00e9gion.<\/p><\/div>\n<p>Nouveaut\u00e9 cette ann\u00e9e : la grande g\u00e9n\u00e9rosit\u00e9 des employ\u00e9s et des m\u00e9decins a aussi permis d\u2019amasser des v\u00eatements chauds et des bottes d\u2019hiver pour les enfants pris en charge par la Direction de la protection de la jeunesse (DPJ) de la Mont\u00e9r\u00e9gie.<\/p>\n<p>Soulignons que ce projet qui vise \u00e0 donner une dose de bonheur aux enfants durant le temps des F\u00eates a \u00e9t\u00e9 inspir\u00e9 par l\u2019Op\u00e9ration P\u00e8res No\u00ebl qui s\u2019est d\u00e9roul\u00e9e durant plusieurs ann\u00e9es \u00e0 l\u2019ancien CSSS Haut-Richelieu\u2013Rouville.<\/p>\n<p><strong>Invitation aux autres secteurs pour l\u2019an prochain<br \/>\n<\/strong>Dre Messier et les \u00e9quipes de l\u2019urgence et du bloc op\u00e9ratoire de HHR invitent les autres secteurs du CISSS \u00e0 se joindre au projet l\u2019an prochain! Si votre unit\u00e9 ou secteur souhaite participer \u00e0 l\u2019escouade des P\u00e8res No\u00ebl 2020, vous pouvez contacter, par courriel les deux responsables\u00a0:<\/p>\n<ul>\n<li>Dre Nadine Messier &#8211; <a href=\"mailto:nadinemd10@hotmail.com\">nadinemd10@hotmail.com<\/a><\/li>\n<li>Mme April Fequet &#8211; <a href=\"mailto:april.fequet.cssshrr16@ssss.gouv.qc.ca\">april.fequet.cssshrr16@ssss.gouv.qc.ca<\/a><\/li>\n<\/ul>\n<div id=\"attachment_176011\" style=\"width: 258px\" class=\"wp-caption aligncenter\"><a href=\"https:\/\/santemc.quebec\/santemc\/icentre\/wp-content\/uploads\/2019\/12\/Photo_DreMessier_et_famille_2.png\"><img aria-describedby=\"caption-attachment-176011\" decoding=\"async\" loading=\"lazy\" class=\"wp-image-176011 size-medium\" src=\"https:\/\/santemc.quebec\/santemc\/icentre\/wp-content\/uploads\/2019\/12\/Photo_DreMessier_et_famille_2-248x300.png\" alt=\"\" width=\"248\" height=\"300\" srcset=\"https:\/\/santemc.quebec\/santemc\/icentre\/wp-content\/uploads\/2019\/12\/Photo_DreMessier_et_famille_2-248x300.png 248w, https:\/\/santemc.quebec\/santemc\/icentre\/wp-content\/uploads\/2019\/12\/Photo_DreMessier_et_famille_2.png 496w\" sizes=\"(max-width: 248px) 100vw, 248px\" \/><\/a><p id=\"caption-attachment-176011\" class=\"wp-caption-text\">Dre Nadine Messier entour\u00e9e de sa famille&#8230; et du vrai P\u00e8re No\u00ebl!<\/p><\/div>\n<p>Bravo \u00e0 tous les employ\u00e9s et m\u00e9decins qui ont particip\u00e9 \u00e0 ce projet!<\/p>\n","protected":false},"excerpt":{"rendered":"<p>Les \u00e9quipes de l\u2019urgence et du bloc op\u00e9ratoire de l\u2019H\u00f4pital du Haut-Richelieu (HHR) ont choisi de jouer les P\u00e8res No\u00ebl pour venir en aide aux enfants vivant au sein d\u2019une famille d\u00e9favoris\u00e9e. Gr\u00e2ce \u00e0 l\u2019initiative de Dre Nadine Messier, les &hellip; <a href=\"https:\/\/santemc.quebec\/icentre\/des-employes-et-medecins-de-lhopital-du-haut-richelieu-deviennent-des-peres-noel-dun-jour\/\">Continuer la lecture <span class=\"meta-nav\">&rarr;<\/span><\/a><\/p>\n","protected":false},"author":9,"featured_media":0,"comment_status":"open","ping_status":"closed","sticky":false,"template":"","format":"standard","meta":{"footnotes":""},"categories":[1],"tags":[],"_links":{"self":[{"href":"https:\/\/santemc.quebec\/icentre\/wp-json\/wp\/v2\/posts\/176006"}],"collection":[{"href":"https:\/\/santemc.quebec\/icentre\/wp-json\/wp\/v2\/posts"}],"about":[{"href":"https:\/\/santemc.quebec\/icentre\/wp-json\/wp\/v2\/types\/post"}],"author":[{"embeddable":true,"href":"https:\/\/santemc.quebec\/icentre\/wp-json\/wp\/v2\/users\/9"}],"replies":[{"embeddable":true,"href":"https:\/\/santemc.quebec\/icentre\/wp-json\/wp\/v2\/comments?post=176006"}],"version-history":[{"count":2,"href":"https:\/\/santemc.quebec\/icentre\/wp-json\/wp\/v2\/posts\/176006\/revisions"}],"predecessor-version":[{"id":176014,"href":"https:\/\/santemc.quebec\/icentre\/wp-json\/wp\/v2\/posts\/176006\/revisions\/176014"}],"wp:attachment":[{"href":"https:\/\/santemc.quebec\/icentre\/wp-json\/wp\/v2\/media?parent=176006"}],"wp:term":[{"taxonomy":"category","embeddable":true,"href":"https:\/\/santemc.quebec\/icentre\/wp-json\/wp\/v2\/categories?post=176006"},{"taxonomy":"post_tag","embeddable":true,"href":"https:\/\/santemc.quebec\/icentre\/wp-json\/wp\/v2\/tags?post=176006"}],"curies":[{"name":"wp","href":"https:\/\/api.w.org\/{rel}","templated":true}]}}