{"id":177124,"date":"2019-12-19T14:38:43","date_gmt":"2019-12-19T19:38:43","guid":{"rendered":"http:\/\/santemc.quebec\/icentre\/?p=177124"},"modified":"2019-12-19T15:04:49","modified_gmt":"2019-12-19T20:04:49","slug":"le-pere-noel-en-visite-a-lhopital-du-haut-richelieu","status":"publish","type":"post","link":"https:\/\/santemc.quebec\/icentre\/le-pere-noel-en-visite-a-lhopital-du-haut-richelieu\/","title":{"rendered":"Le p\u00e8re No\u00ebl en visite \u00e0 l\u2019H\u00f4pital du Haut-Richelieu"},"content":{"rendered":"<div id=\"attachment_177126\" style=\"width: 327px\" class=\"wp-caption alignleft\"><a href=\"https:\/\/santemc.quebec\/santemc\/icentre\/wp-content\/uploads\/2019\/12\/pediatrie.jpg\"><img aria-describedby=\"caption-attachment-177126\" decoding=\"async\" loading=\"lazy\" class=\" wp-image-177126\" src=\"https:\/\/santemc.quebec\/santemc\/icentre\/wp-content\/uploads\/2019\/12\/pediatrie-300x225.jpg\" alt=\"\" width=\"317\" height=\"240\" \/><\/a><p id=\"caption-attachment-177126\" class=\"wp-caption-text\">Une partie de l&rsquo;\u00e9quipe de l&rsquo;unit\u00e9 de p\u00e9diatrie de l&rsquo;H\u00f4pital du Haut-Richelieu<\/p><\/div>\n<p>C\u2019est maintenant une tradition : les pompiers du service de s\u00e9curit\u00e9 incendie de la Ville de Saint-Jean-sur-Richelieu sont venus remettre des cadeaux aux enfants hospitalis\u00e9s \u00e0 l\u2019H\u00f4pital du Haut-Richelieu ce matin. Ils \u00e9taient accompagn\u00e9s pour l\u2019occasion du p\u00e8re No\u00ebl et de la c\u00e9l\u00e8bre mascotte, Museau! La visite a fait la joie des petits patients, mais \u00e9galement des parents pr\u00e9sents.<\/p>\n<p><!--more--><\/p>\n<p>Les pompiers en ont profit\u00e9 pour se rendre \u00e0 l\u2019unit\u00e9 de g\u00e9riatrie o\u00f9 les patients les ont accueillis les bras ouverts, les yeux p\u00e9tillants et le sourire aux l\u00e8vres o\u00f9, pendant un instant, la magie de No\u00ebl a op\u00e9r\u00e9.<\/p>\n<div id=\"attachment_177125\" style=\"width: 334px\" class=\"wp-caption alignright\"><a href=\"https:\/\/santemc.quebec\/santemc\/icentre\/wp-content\/uploads\/2019\/12\/geriatrie.jpg\"><img aria-describedby=\"caption-attachment-177125\" decoding=\"async\" loading=\"lazy\" class=\" wp-image-177125\" src=\"https:\/\/santemc.quebec\/santemc\/icentre\/wp-content\/uploads\/2019\/12\/geriatrie-300x225.jpg\" alt=\"\" width=\"324\" height=\"246\" \/><\/a><p id=\"caption-attachment-177125\" class=\"wp-caption-text\">Des membres de l&rsquo;\u00e9quipe de g\u00e9riatrie de l&rsquo;H\u00f4pital du Haut-Richelieu<\/p><\/div>\n<p>La tourn\u00e9e s\u2019est termin\u00e9e \u00e0 l\u2019urgence o\u00f9 les patients \u00e9taient tout sourire de recevoir des v\u0153ux de No\u00ebl ainsi qu\u2019un bonbon de la part des pompiers.<\/p>\n<p>Rappelons que le service de s\u00e9curit\u00e9 incendie de la Ville de Saint-Jean-sur-Richelieu effectue cette visite gracieusement depuis plus de 25 ans \u00e0 l\u2019H\u00f4pital du Haut-Richelieu.<\/p>\n<p>Nous tenons \u00e0 remercier les \u00e9quipes de l\u2019unit\u00e9 de p\u00e9diatrie, du Centre M\u00e8re-Enfant, de la g\u00e9riatrie et de l\u2019urgence pour leur bel accueil!<\/p>\n<p>&nbsp;<\/p>\n<div id=\"attachment_177127\" style=\"width: 310px\" class=\"wp-caption aligncenter\"><a href=\"https:\/\/santemc.quebec\/santemc\/icentre\/wp-content\/uploads\/2019\/12\/pompiers.jpg\"><img aria-describedby=\"caption-attachment-177127\" decoding=\"async\" loading=\"lazy\" class=\"size-medium wp-image-177127\" src=\"https:\/\/santemc.quebec\/santemc\/icentre\/wp-content\/uploads\/2019\/12\/pompiers-300x225.jpg\" alt=\"\" width=\"300\" height=\"225\" srcset=\"https:\/\/santemc.quebec\/santemc\/icentre\/wp-content\/uploads\/2019\/12\/pompiers-300x225.jpg 300w, https:\/\/santemc.quebec\/santemc\/icentre\/wp-content\/uploads\/2019\/12\/pompiers-768x576.jpg 768w, https:\/\/santemc.quebec\/santemc\/icentre\/wp-content\/uploads\/2019\/12\/pompiers-1024x768.jpg 1024w, https:\/\/santemc.quebec\/santemc\/icentre\/wp-content\/uploads\/2019\/12\/pompiers-400x300.jpg 400w, https:\/\/santemc.quebec\/santemc\/icentre\/wp-content\/uploads\/2019\/12\/pompiers.jpg 1280w\" sizes=\"(max-width: 300px) 100vw, 300px\" \/><\/a><p id=\"caption-attachment-177127\" class=\"wp-caption-text\">Des pompiers du service de s\u00e9curit\u00e9 incendie de la Ville de Saint-Jean-sur-Richelieu<\/p><\/div>\n<p>&nbsp;<\/p>\n<p>Un reportage photo sera d\u2019ailleurs publi\u00e9 dans la prochaine \u00e9dition du Canada-Fran\u00e7ais.<\/p>\n<p>De joyeuses f\u00eates \u00e0 tous!<\/p>\n","protected":false},"excerpt":{"rendered":"<p>C\u2019est maintenant une tradition : les pompiers du service de s\u00e9curit\u00e9 incendie de la Ville de Saint-Jean-sur-Richelieu sont venus remettre des cadeaux aux enfants hospitalis\u00e9s \u00e0 l\u2019H\u00f4pital du Haut-Richelieu ce matin. Ils \u00e9taient accompagn\u00e9s pour l\u2019occasion du p\u00e8re No\u00ebl et &hellip; <a href=\"https:\/\/santemc.quebec\/icentre\/le-pere-noel-en-visite-a-lhopital-du-haut-richelieu\/\">Continuer la lecture <span class=\"meta-nav\">&rarr;<\/span><\/a><\/p>\n","protected":false},"author":9,"featured_media":0,"comment_status":"open","ping_status":"closed","sticky":false,"template":"","format":"standard","meta":{"footnotes":""},"categories":[1],"tags":[],"_links":{"self":[{"href":"https:\/\/santemc.quebec\/icentre\/wp-json\/wp\/v2\/posts\/177124"}],"collection":[{"href":"https:\/\/santemc.quebec\/icentre\/wp-json\/wp\/v2\/posts"}],"about":[{"href":"https:\/\/santemc.quebec\/icentre\/wp-json\/wp\/v2\/types\/post"}],"author":[{"embeddable":true,"href":"https:\/\/santemc.quebec\/icentre\/wp-json\/wp\/v2\/users\/9"}],"replies":[{"embeddable":true,"href":"https:\/\/santemc.quebec\/icentre\/wp-json\/wp\/v2\/comments?post=177124"}],"version-history":[{"count":7,"href":"https:\/\/santemc.quebec\/icentre\/wp-json\/wp\/v2\/posts\/177124\/revisions"}],"predecessor-version":[{"id":177147,"href":"https:\/\/santemc.quebec\/icentre\/wp-json\/wp\/v2\/posts\/177124\/revisions\/177147"}],"wp:attachment":[{"href":"https:\/\/santemc.quebec\/icentre\/wp-json\/wp\/v2\/media?parent=177124"}],"wp:term":[{"taxonomy":"category","embeddable":true,"href":"https:\/\/santemc.quebec\/icentre\/wp-json\/wp\/v2\/categories?post=177124"},{"taxonomy":"post_tag","embeddable":true,"href":"https:\/\/santemc.quebec\/icentre\/wp-json\/wp\/v2\/tags?post=177124"}],"curies":[{"name":"wp","href":"https:\/\/api.w.org\/{rel}","templated":true}]}}