{"id":177487,"date":"2019-12-20T09:09:01","date_gmt":"2019-12-20T14:09:01","guid":{"rendered":"http:\/\/santemc.quebec\/icentre\/?p=177487"},"modified":"2019-12-20T13:50:30","modified_gmt":"2019-12-20T18:50:30","slug":"a-linlb-on-ne-voit-pas-beaucoup-mais-on-voit-grand","status":"publish","type":"post","link":"https:\/\/santemc.quebec\/icentre\/a-linlb-on-ne-voit-pas-beaucoup-mais-on-voit-grand\/","title":{"rendered":"\u00c0 l\u2019INLB, on ne voit pas beaucoup, mais on voit grand!"},"content":{"rendered":"<div id=\"attachment_177488\" style=\"width: 260px\" class=\"wp-caption alignleft\"><a href=\"https:\/\/santemc.quebec\/santemc\/icentre\/wp-content\/uploads\/2019\/12\/INLB.jpg\"><img aria-describedby=\"caption-attachment-177488\" decoding=\"async\" loading=\"lazy\" class=\" wp-image-177488\" src=\"https:\/\/santemc.quebec\/santemc\/icentre\/wp-content\/uploads\/2019\/12\/INLB-300x225.jpg\" alt=\"\" width=\"250\" height=\"190\" \/><\/a><p id=\"caption-attachment-177488\" class=\"wp-caption-text\">Les participants \u00e0 la vid\u00e9o, leurs proches et leurs intervenantes de l&rsquo;\u00e9quipe adulte de la Direction DI-TSA, DP et DV : Val\u00e9rie Gagn\u00e9, travailleuse sociale; Martine V\u00e9zina, sp\u00e9cialiste en activit\u00e9s cliniques; France Poulin; Johanne Erdelyon; Michel P. Ranger; Sylvie Beauregard; Karina Favreault; Beno\u00eet Bourassa; Martine Normand, psycho\u00e9ducatrice; et M\u00e9lanie Coulombe, travailleuse sociale.<\/p><\/div>\n<p>L\u2019Institut Nazareth et Louis-Braille (INLB) lan\u00e7ait le 18 d\u00e9cembre dernier, le tout premier outil d\u2019intervention portant sur les aspects psychosociaux de la d\u00e9ficience visuelle (DV). Cet outil d&rsquo;intervention, d\u00e9velopp\u00e9 par les intervenants de l\u2019INLB pour ses usagers,\u00a0 s\u2019inscrit dans le projet \u00ab Apprendre \u00e0 vivre avec une d\u00e9ficience visuelle \u00e0 l&rsquo;\u00e2ge adulte \u00bb. Sous forme de vid\u00e9o, ce projet novateur est une premi\u00e8re dans le domaine. Cinq usagers ayant particip\u00e9 au tournage et leur famille ont donc assist\u00e9 en primeur au visionnement dans les locaux de l\u2019INLB.<\/p>\n<p><!--more--><\/p>\n<p>La vid\u00e9o, d\u2019une dur\u00e9e d\u2019environ 45 minutes, pr\u00e9sente les t\u00e9moignages d\u2019adultes autour de leur adaptation \u00e0 leur perte de vision et est pr\u00e9sent\u00e9e \u00e0 des personnes en perte visuelle. L\u2019outil en soi est utilis\u00e9 de fa\u00e7on exploratoire par les intervenants depuis un an. Au cours de cette ann\u00e9e, ces derniers ont recueilli les commentaires des usagers \u00e0 qui ils l&rsquo;ont pr\u00e9sent\u00e9e. Tous sont unanimes quant \u00e0 la pertinence de l\u2019outil d\u2019intervention. Quant aux usagers ayant particip\u00e9 au projet, ils sont tr\u00e8s heureux que leurs t\u00e9moignages puissent aider d&rsquo;autres personnes \u00e0 mettre des mots sur ce qu&rsquo;ils ressentent et traversent.<\/p>\n<p>\u00c0 noter que l\u2019int\u00e9r\u00eat port\u00e9 aux aspects psychosociaux de la DV est assez r\u00e9cent. Peu de travaux s\u2019\u00e9taient pench\u00e9s sur les besoins associ\u00e9s \u00e0 l\u2019adaptation psychosociale \u00e0 la DV et aux meilleurs moyens visant \u00e0 y r\u00e9pondre, malgr\u00e9 que les effets n\u00e9gatifs de la perte visuelle au plan social et \u00e9motionnel soient aujourd\u2019hui bien document\u00e9s. De plus, peu d\u2019outils permettaient d\u2019informer et de sensibiliser les usagers adultes ou leurs proches aux aspects psychosociaux y \u00e9tant reli\u00e9s.<\/p>\n<p>Cet outil d\u2019intervention vient r\u00e9pondre \u00e0 un besoin r\u00e9el en permettant une meilleure compr\u00e9hension des besoins associ\u00e9s \u00e0 la r\u00e9alit\u00e9 que vivent les personnes en perte de vision.<\/p>\n<p>L\u2019Institut organisera en d\u00e9but d\u2019ann\u00e9e 2020 une formation pour les intervenants souhaitant utiliser l\u2019outil d\u2019intervention dans leur pratique. La vid\u00e9o sera ensuite pr\u00e9sent\u00e9e aux autres \u00e9tablissements de sant\u00e9 du Qu\u00e9bec pour soutenir les intervenants en d\u00e9ficience visuelle de l\u2019ensemble de la province. L\u2019outil a \u00e9galement \u00e9t\u00e9 expos\u00e9 au R\u00e9seau international Francophone de la d\u00e9ficience sensorielle et du langage en octobre dernier. Le projet est sur une belle lanc\u00e9e puisque la Martinique s\u2019est d\u00e9j\u00e0 montr\u00e9e int\u00e9ress\u00e9e \u00e0 l\u2019utiliser.<\/p>\n<p>F\u00e9licitations!<\/p>\n","protected":false},"excerpt":{"rendered":"<p>L\u2019Institut Nazareth et Louis-Braille (INLB) lan\u00e7ait le 18 d\u00e9cembre dernier, le tout premier outil d\u2019intervention portant sur les aspects psychosociaux de la d\u00e9ficience visuelle (DV). Cet outil d&rsquo;intervention, d\u00e9velopp\u00e9 par les intervenants de l\u2019INLB pour ses usagers,\u00a0 s\u2019inscrit dans le &hellip; <a href=\"https:\/\/santemc.quebec\/icentre\/a-linlb-on-ne-voit-pas-beaucoup-mais-on-voit-grand\/\">Continuer la lecture <span class=\"meta-nav\">&rarr;<\/span><\/a><\/p>\n","protected":false},"author":9,"featured_media":0,"comment_status":"open","ping_status":"closed","sticky":false,"template":"","format":"standard","meta":{"footnotes":""},"categories":[1],"tags":[],"_links":{"self":[{"href":"https:\/\/santemc.quebec\/icentre\/wp-json\/wp\/v2\/posts\/177487"}],"collection":[{"href":"https:\/\/santemc.quebec\/icentre\/wp-json\/wp\/v2\/posts"}],"about":[{"href":"https:\/\/santemc.quebec\/icentre\/wp-json\/wp\/v2\/types\/post"}],"author":[{"embeddable":true,"href":"https:\/\/santemc.quebec\/icentre\/wp-json\/wp\/v2\/users\/9"}],"replies":[{"embeddable":true,"href":"https:\/\/santemc.quebec\/icentre\/wp-json\/wp\/v2\/comments?post=177487"}],"version-history":[{"count":6,"href":"https:\/\/santemc.quebec\/icentre\/wp-json\/wp\/v2\/posts\/177487\/revisions"}],"predecessor-version":[{"id":177612,"href":"https:\/\/santemc.quebec\/icentre\/wp-json\/wp\/v2\/posts\/177487\/revisions\/177612"}],"wp:attachment":[{"href":"https:\/\/santemc.quebec\/icentre\/wp-json\/wp\/v2\/media?parent=177487"}],"wp:term":[{"taxonomy":"category","embeddable":true,"href":"https:\/\/santemc.quebec\/icentre\/wp-json\/wp\/v2\/categories?post=177487"},{"taxonomy":"post_tag","embeddable":true,"href":"https:\/\/santemc.quebec\/icentre\/wp-json\/wp\/v2\/tags?post=177487"}],"curies":[{"name":"wp","href":"https:\/\/api.w.org\/{rel}","templated":true}]}}