{"id":178,"date":"2015-05-21T15:17:29","date_gmt":"2015-05-21T19:17:29","guid":{"rendered":"http:\/\/santemc.quebec\/journal\/?p=178"},"modified":"2015-05-22T10:29:29","modified_gmt":"2015-05-22T14:29:29","slug":"depart-de-la-directrice-des-ressources-financieres","status":"publish","type":"post","link":"https:\/\/santemc.quebec\/icentre\/depart-de-la-directrice-des-ressources-financieres\/","title":{"rendered":"D\u00e9part de la directrice des ressources financi\u00e8res"},"content":{"rendered":"<p>La pr\u00e9sente a pour objet de vous annoncer le d\u00e9part prochain de madame Lucie M\u00e9nard, directrice des ressources financi\u00e8res du CISSS de la Mont\u00e9r\u00e9gie-Centre. En effet, madame M\u00e9nard a r\u00e9cemment obtenu le poste de directrice des ressources financi\u00e8res au CISSS de l\u2019Ouest-de-l\u2019Ile-de-Montr\u00e9al.<!--more--><\/p>\n<p>La date effective de son d\u00e9part,de m\u00eame que le nom de la personne qui effectuera son remplacement vous seront communiqu\u00e9s dans les prochains jours.<\/p>\n<p>Nous en profitons pour lui adresser nos remerciements les plus sinc\u00e8res et lui souhaiter tout le succ\u00e8s voulu dans ses futures fonctions, et la meilleure des chances dans sa vie personnelle et professionnelle.<\/p>\n","protected":false},"excerpt":{"rendered":"<p>La pr\u00e9sente a pour objet de vous annoncer le d\u00e9part prochain de madame Lucie M\u00e9nard, directrice des ressources financi\u00e8res du CISSS de la Mont\u00e9r\u00e9gie-Centre. En effet, madame M\u00e9nard a r\u00e9cemment obtenu le poste de directrice des ressources financi\u00e8res au CISSS &hellip; <a href=\"https:\/\/santemc.quebec\/icentre\/depart-de-la-directrice-des-ressources-financieres\/\">Continuer la lecture <span class=\"meta-nav\">&rarr;<\/span><\/a><\/p>\n","protected":false},"author":1,"featured_media":0,"comment_status":"open","ping_status":"closed","sticky":false,"template":"","format":"standard","meta":{"footnotes":""},"categories":[2],"tags":[],"_links":{"self":[{"href":"https:\/\/santemc.quebec\/icentre\/wp-json\/wp\/v2\/posts\/178"}],"collection":[{"href":"https:\/\/santemc.quebec\/icentre\/wp-json\/wp\/v2\/posts"}],"about":[{"href":"https:\/\/santemc.quebec\/icentre\/wp-json\/wp\/v2\/types\/post"}],"author":[{"embeddable":true,"href":"https:\/\/santemc.quebec\/icentre\/wp-json\/wp\/v2\/users\/1"}],"replies":[{"embeddable":true,"href":"https:\/\/santemc.quebec\/icentre\/wp-json\/wp\/v2\/comments?post=178"}],"version-history":[{"count":2,"href":"https:\/\/santemc.quebec\/icentre\/wp-json\/wp\/v2\/posts\/178\/revisions"}],"predecessor-version":[{"id":182,"href":"https:\/\/santemc.quebec\/icentre\/wp-json\/wp\/v2\/posts\/178\/revisions\/182"}],"wp:attachment":[{"href":"https:\/\/santemc.quebec\/icentre\/wp-json\/wp\/v2\/media?parent=178"}],"wp:term":[{"taxonomy":"category","embeddable":true,"href":"https:\/\/santemc.quebec\/icentre\/wp-json\/wp\/v2\/categories?post=178"},{"taxonomy":"post_tag","embeddable":true,"href":"https:\/\/santemc.quebec\/icentre\/wp-json\/wp\/v2\/tags?post=178"}],"curies":[{"name":"wp","href":"https:\/\/api.w.org\/{rel}","templated":true}]}}