{"id":18,"date":"2015-04-21T21:09:15","date_gmt":"2015-04-21T20:09:15","guid":{"rendered":"http:\/\/santemc.quebec\/blog\/?p=18"},"modified":"2015-05-06T17:01:46","modified_gmt":"2015-05-06T16:01:46","slug":"adoption-de-lorganigramme-dencadrement-superieur","status":"publish","type":"post","link":"https:\/\/santemc.quebec\/icentre\/adoption-de-lorganigramme-dencadrement-superieur\/","title":{"rendered":"Adoption de l\u2019organigramme d\u2019encadrement sup\u00e9rieur"},"content":{"rendered":"<p>Bonjour,<\/p>\n<p>La pr\u00e9sente a pour objet de vous informer que le minist\u00e8re de la Sant\u00e9 et des Services sociaux a proc\u00e9d\u00e9 \u00e0 l\u2019adoption des structures d\u2019encadrement sup\u00e9rieur propos\u00e9es pour les CISSS du Qu\u00e9bec, dont celle du CISSS de la Mont\u00e9r\u00e9gie-Centre. <!--more-->Cet organigramme, b\u00e2ti en fonction des continuums de services, se base sur l\u2019une des versions du mod\u00e8le \u00e9labor\u00e9 par le MSSS et tient compte du profil de la haute direction et de la taille de notre \u00e9tablissement. Le mod\u00e8le choisi par le CISSS de la Mont\u00e9r\u00e9gie-Centre est celui qui s\u2019applique le mieux \u00e0 notre r\u00e9alit\u00e9 dans le but de favoriser et de simplifier l\u2019acc\u00e8s aux services pour la population. Il fait une large place \u00e0 la cogestion clinico-administrative et m\u00e9dicale tout en pr\u00e9sentant une structure d\u2019encadrement sup\u00e9rieur r\u00e9duite \u00e0 37 cadres sup\u00e9rieurs pour notre \u00e9tablissement qui en comptait 53 avant la fusion d\u2019avril dernier.<\/p>\n<p>Plusieurs postes de directeurs sont d\u2019ailleurs actuellement en affichage et nous pr\u00e9voyons terminer la dotation de ces postes au d\u00e9but du mois de mai afin de stabiliser la structure d\u2019encadrement dans les meilleurs d\u00e9lais. Quant aux postes de directeurs adjoints pr\u00e9vus \u00e0 l\u2019organigramme, nous estimons que le processus sera compl\u00e9t\u00e9 vers la fin du mois de mai 2015. Par la suite, le processus pour la dotation des postes de cadres interm\u00e9diaires administratifs s\u2019enclenchera. Nous vous rappelons que, dans un premier temps et en fonction de certaines modalit\u00e9s qui ont \u00e9t\u00e9 pr\u00e9cis\u00e9es aux cadres, les postes offerts le sont aux personnes dont le poste a \u00e9t\u00e9 aboli au premier avril puisqu\u2019il s\u2019agit de concours r\u00e9serv\u00e9s.<\/p>\n<p>Comme \u00e0 l\u2019habituel, nous vous invitons \u00e0 consulter le bulletin \u00e9lectronique \u00ab Au fil de la r\u00e9organisation \u00bb pr\u00e9par\u00e9 par le MSSS qui offre une information \u00e0 jour et adapt\u00e9e \u00e0 la r\u00e9organisation en cours dans le r\u00e9seau. Ce bulletin est accessible via le site Web du MSSS dans la section r\u00e9organisation du r\u00e9seau.<\/p>\n<p>Je vous remercie de votre attention et de votre collaboration habituelle.<\/p>\n","protected":false},"excerpt":{"rendered":"<p>Bonjour, La pr\u00e9sente a pour objet de vous informer que le minist\u00e8re de la Sant\u00e9 et des Services sociaux a proc\u00e9d\u00e9 \u00e0 l\u2019adoption des structures d\u2019encadrement sup\u00e9rieur propos\u00e9es pour les CISSS du Qu\u00e9bec, dont celle du CISSS de la Mont\u00e9r\u00e9gie-Centre.<\/p>\n","protected":false},"author":1,"featured_media":0,"comment_status":"open","ping_status":"closed","sticky":false,"template":"","format":"standard","meta":{"footnotes":""},"categories":[9],"tags":[],"_links":{"self":[{"href":"https:\/\/santemc.quebec\/icentre\/wp-json\/wp\/v2\/posts\/18"}],"collection":[{"href":"https:\/\/santemc.quebec\/icentre\/wp-json\/wp\/v2\/posts"}],"about":[{"href":"https:\/\/santemc.quebec\/icentre\/wp-json\/wp\/v2\/types\/post"}],"author":[{"embeddable":true,"href":"https:\/\/santemc.quebec\/icentre\/wp-json\/wp\/v2\/users\/1"}],"replies":[{"embeddable":true,"href":"https:\/\/santemc.quebec\/icentre\/wp-json\/wp\/v2\/comments?post=18"}],"version-history":[{"count":2,"href":"https:\/\/santemc.quebec\/icentre\/wp-json\/wp\/v2\/posts\/18\/revisions"}],"predecessor-version":[{"id":23,"href":"https:\/\/santemc.quebec\/icentre\/wp-json\/wp\/v2\/posts\/18\/revisions\/23"}],"wp:attachment":[{"href":"https:\/\/santemc.quebec\/icentre\/wp-json\/wp\/v2\/media?parent=18"}],"wp:term":[{"taxonomy":"category","embeddable":true,"href":"https:\/\/santemc.quebec\/icentre\/wp-json\/wp\/v2\/categories?post=18"},{"taxonomy":"post_tag","embeddable":true,"href":"https:\/\/santemc.quebec\/icentre\/wp-json\/wp\/v2\/tags?post=18"}],"curies":[{"name":"wp","href":"https:\/\/api.w.org\/{rel}","templated":true}]}}