{"id":180,"date":"2015-05-21T15:18:35","date_gmt":"2015-05-21T19:18:35","guid":{"rendered":"http:\/\/santemc.quebec\/journal\/?p=180"},"modified":"2015-05-21T15:18:35","modified_gmt":"2015-05-21T19:18:35","slug":"interim-de-la-direction-des-ressources-informationnelles","status":"publish","type":"post","link":"https:\/\/santemc.quebec\/icentre\/interim-de-la-direction-des-ressources-informationnelles\/","title":{"rendered":"Int\u00e9rim de la direction des ressources informationnelles"},"content":{"rendered":"<p>La pr\u00e9sente a pour objet de vous informer que Mme Chantal Normandeau, directrice adjointe des ressources informationnelles par int\u00e9rim (missions r\u00e9siduelles Agence et technocentre), assurera, d\u00e8s le vendredi 22 mai, les fonctions de directrice des ressources informationnelles par int\u00e9rim pour le CISSS de la Mont\u00e9r\u00e9gie-Centre.<!--more--><\/p>\n<p>Cette nomination int\u00e9rimaire fait suite \u00e0 la nomination de M. Louis Lamontagne \u00e0 titre de directeur des services techniques, lequel assumait l\u2019int\u00e9rim \u00e0 la direction des ressources informationnelles du territoire du Haut-Richelieu \u2013 Rouville, et tient compte du d\u00e9part, le vendredi 22 mai 2015, de Mme Joanne Guay, directrice des ressources informationnelles et des technologies biom\u00e9dicales par int\u00e9rim (territoire Champlain \u2013 Charles-Le Moyne).<\/p>\n<p>Je remercie Mme Normandeau d\u2019accepter ces responsabilit\u00e9s et lui souhaite la meilleure des chances dans l\u2019exercice de ce nouveau mandat int\u00e9rimaire.<\/p>\n","protected":false},"excerpt":{"rendered":"<p>La pr\u00e9sente a pour objet de vous informer que Mme Chantal Normandeau, directrice adjointe des ressources informationnelles par int\u00e9rim (missions r\u00e9siduelles Agence et technocentre), assurera, d\u00e8s le vendredi 22 mai, les fonctions de directrice des ressources informationnelles par int\u00e9rim pour &hellip; <a href=\"https:\/\/santemc.quebec\/icentre\/interim-de-la-direction-des-ressources-informationnelles\/\">Continuer la lecture <span class=\"meta-nav\">&rarr;<\/span><\/a><\/p>\n","protected":false},"author":1,"featured_media":0,"comment_status":"open","ping_status":"closed","sticky":false,"template":"","format":"standard","meta":{"footnotes":""},"categories":[2],"tags":[8],"_links":{"self":[{"href":"https:\/\/santemc.quebec\/icentre\/wp-json\/wp\/v2\/posts\/180"}],"collection":[{"href":"https:\/\/santemc.quebec\/icentre\/wp-json\/wp\/v2\/posts"}],"about":[{"href":"https:\/\/santemc.quebec\/icentre\/wp-json\/wp\/v2\/types\/post"}],"author":[{"embeddable":true,"href":"https:\/\/santemc.quebec\/icentre\/wp-json\/wp\/v2\/users\/1"}],"replies":[{"embeddable":true,"href":"https:\/\/santemc.quebec\/icentre\/wp-json\/wp\/v2\/comments?post=180"}],"version-history":[{"count":1,"href":"https:\/\/santemc.quebec\/icentre\/wp-json\/wp\/v2\/posts\/180\/revisions"}],"predecessor-version":[{"id":181,"href":"https:\/\/santemc.quebec\/icentre\/wp-json\/wp\/v2\/posts\/180\/revisions\/181"}],"wp:attachment":[{"href":"https:\/\/santemc.quebec\/icentre\/wp-json\/wp\/v2\/media?parent=180"}],"wp:term":[{"taxonomy":"category","embeddable":true,"href":"https:\/\/santemc.quebec\/icentre\/wp-json\/wp\/v2\/categories?post=180"},{"taxonomy":"post_tag","embeddable":true,"href":"https:\/\/santemc.quebec\/icentre\/wp-json\/wp\/v2\/tags?post=180"}],"curies":[{"name":"wp","href":"https:\/\/api.w.org\/{rel}","templated":true}]}}