{"id":181571,"date":"2020-01-06T10:23:48","date_gmt":"2020-01-06T15:23:48","guid":{"rendered":"http:\/\/santemc.quebec\/icentre\/?p=181571"},"modified":"2020-01-06T10:23:48","modified_gmt":"2020-01-06T15:23:48","slug":"programme-vision-carrieres-cest-parti-pour-une-6e-edition","status":"publish","type":"post","link":"https:\/\/santemc.quebec\/icentre\/programme-vision-carrieres-cest-parti-pour-une-6e-edition\/","title":{"rendered":"Programme Vision Carri\u00e8res : c\u2019est parti pour une 6e \u00e9dition!"},"content":{"rendered":"<p><a href=\"https:\/\/santemc.quebec\/santemc\/icentre\/wp-content\/uploads\/2020\/01\/vision_carriere.png\"><img decoding=\"async\" loading=\"lazy\" class=\"size-full wp-image-181572 alignleft\" src=\"https:\/\/santemc.quebec\/santemc\/icentre\/wp-content\/uploads\/2020\/01\/vision_carriere.png\" alt=\"\" width=\"249\" height=\"146\" \/><\/a>Mis sur pied en collaboration avec le CISSS de la Mont\u00e9r\u00e9gie-Centre et rendu possible gr\u00e2ce \u00e0 la Fondation de l\u2019Institut Nazareth et Louis-Braille (INLB), le programme Vision Carri\u00e8res permet aux adolescents et aux adultes, vivant avec une d\u00e9ficience visuelle, d\u2019effectuer une semaine de stage dans un secteur d\u2019int\u00e9r\u00eat. L\u2019ann\u00e9e 2020 marquera la tenue d\u2019une 6<sup>e<\/sup> \u00e9dition.<\/p>\n<p><!--more--><\/p>\n<p>Gr\u00e2ce \u00e0 cette collaboration, ce sont annuellement une quinzaine d\u2019adolescents et d\u2019adultes qui profitent de stages exploratoires en milieu professionnel dans un secteur de leur choix. Ainsi, chaque usager est parrain\u00e9 \u00e0 un employeur impliqu\u00e9 dans le projet selon les int\u00e9r\u00eats exprim\u00e9s lors de la d\u00e9marche pr\u00e9stage.<\/p>\n<p>Depuis 2015, notre programme Vision Carri\u00e8res propose un stage d\u2019exploration de carri\u00e8res (adolescents) ou de r\u00e9insertion (adultes) aux personnes vivant avec une d\u00e9ficience visuelle. Ces stages repr\u00e9sentent une porte d\u2019entr\u00e9e significative dans le monde du travail pour les participants.<\/p>\n<p>Plus de d\u00e9tails sur le programme <a href=\"https:\/\/montrealreleve.ca\/vision-carrieres\/\" target=\"_blank\" rel=\"noopener noreferrer\">https:\/\/montrealreleve.ca\/vision-carrieres\/<\/a><\/p>\n","protected":false},"excerpt":{"rendered":"<p>Mis sur pied en collaboration avec le CISSS de la Mont\u00e9r\u00e9gie-Centre et rendu possible gr\u00e2ce \u00e0 la Fondation de l\u2019Institut Nazareth et Louis-Braille (INLB), le programme Vision Carri\u00e8res permet aux adolescents et aux adultes, vivant avec une d\u00e9ficience visuelle, d\u2019effectuer &hellip; <a href=\"https:\/\/santemc.quebec\/icentre\/programme-vision-carrieres-cest-parti-pour-une-6e-edition\/\">Continuer la lecture <span class=\"meta-nav\">&rarr;<\/span><\/a><\/p>\n","protected":false},"author":9,"featured_media":0,"comment_status":"open","ping_status":"closed","sticky":false,"template":"","format":"standard","meta":{"footnotes":""},"categories":[1],"tags":[],"_links":{"self":[{"href":"https:\/\/santemc.quebec\/icentre\/wp-json\/wp\/v2\/posts\/181571"}],"collection":[{"href":"https:\/\/santemc.quebec\/icentre\/wp-json\/wp\/v2\/posts"}],"about":[{"href":"https:\/\/santemc.quebec\/icentre\/wp-json\/wp\/v2\/types\/post"}],"author":[{"embeddable":true,"href":"https:\/\/santemc.quebec\/icentre\/wp-json\/wp\/v2\/users\/9"}],"replies":[{"embeddable":true,"href":"https:\/\/santemc.quebec\/icentre\/wp-json\/wp\/v2\/comments?post=181571"}],"version-history":[{"count":1,"href":"https:\/\/santemc.quebec\/icentre\/wp-json\/wp\/v2\/posts\/181571\/revisions"}],"predecessor-version":[{"id":181573,"href":"https:\/\/santemc.quebec\/icentre\/wp-json\/wp\/v2\/posts\/181571\/revisions\/181573"}],"wp:attachment":[{"href":"https:\/\/santemc.quebec\/icentre\/wp-json\/wp\/v2\/media?parent=181571"}],"wp:term":[{"taxonomy":"category","embeddable":true,"href":"https:\/\/santemc.quebec\/icentre\/wp-json\/wp\/v2\/categories?post=181571"},{"taxonomy":"post_tag","embeddable":true,"href":"https:\/\/santemc.quebec\/icentre\/wp-json\/wp\/v2\/tags?post=181571"}],"curies":[{"name":"wp","href":"https:\/\/api.w.org\/{rel}","templated":true}]}}