{"id":181667,"date":"2020-01-06T08:16:56","date_gmt":"2020-01-06T13:16:56","guid":{"rendered":"http:\/\/santemc.quebec\/icentre\/?p=181667"},"modified":"2020-01-06T15:39:28","modified_gmt":"2020-01-06T20:39:28","slug":"dre-maryse-guay-en-entrevue-a-rdi-ce-matin","status":"publish","type":"post","link":"https:\/\/santemc.quebec\/icentre\/dre-maryse-guay-en-entrevue-a-rdi-ce-matin\/","title":{"rendered":"Dre Maryse Guay, en entrevue \u00e0 RDI"},"content":{"rendered":"<p><a href=\"https:\/\/santemc.quebec\/santemc\/icentre\/wp-content\/uploads\/2020\/01\/Capture.png\"><img decoding=\"async\" loading=\"lazy\" class=\"alignleft size-medium wp-image-181668\" src=\"https:\/\/santemc.quebec\/santemc\/icentre\/wp-content\/uploads\/2020\/01\/Capture-300x150.png\" alt=\"\" width=\"300\" height=\"150\" srcset=\"https:\/\/santemc.quebec\/santemc\/icentre\/wp-content\/uploads\/2020\/01\/Capture-300x150.png 300w, https:\/\/santemc.quebec\/santemc\/icentre\/wp-content\/uploads\/2020\/01\/Capture.png 475w\" sizes=\"(max-width: 300px) 100vw, 300px\" \/><\/a>Dre Maryse Guay, m\u00e9decin \u00e0 la Direction de sant\u00e9 publique et directrice du Centre de recherche Charles-Le Moyne-Saguenay sur les innovations en sant\u00e9 \u00e9tait en entrevue \u00e0 l&rsquo;\u00e9mission <em>RDI matin<\/em> afin de commenter les r\u00e9sultats d&rsquo;une nouvelle \u00e9tude de l&rsquo;Universit\u00e9 de Glasgow qui r\u00e9v\u00e8le qu\u2019avoir le rhume diminuerait le risque d\u2019attraper la grippe.<!--more--><\/p>\n<p>Elle en a aussi profit\u00e9 pour rappeler quelques conseils pratiques afin d&rsquo;\u00e9viter d&rsquo;attraper le rhume et la grippe en cette p\u00e9riode propice \u00e0 la transmission des virus.<\/p>\n<p>Vous pouvez regarder son entrevue en cliquant sur ce lien.<br \/>\n<a href=\"https:\/\/ici.radio-canada.ca\/info\/videos\/media-8205303\/saison-grippe\" target=\"_blank\" rel=\"noopener noreferrer\">https:\/\/ici.radio-canada.ca\/info\/videos\/media-8205303\/saison-grippe<\/a><\/p>\n<p>&nbsp;<\/p>\n","protected":false},"excerpt":{"rendered":"<p>Dre Maryse Guay, m\u00e9decin \u00e0 la Direction de sant\u00e9 publique et directrice du Centre de recherche Charles-Le Moyne-Saguenay sur les innovations en sant\u00e9 \u00e9tait en entrevue \u00e0 l&rsquo;\u00e9mission RDI matin afin de commenter les r\u00e9sultats d&rsquo;une nouvelle \u00e9tude de l&rsquo;Universit\u00e9 &hellip; <a href=\"https:\/\/santemc.quebec\/icentre\/dre-maryse-guay-en-entrevue-a-rdi-ce-matin\/\">Continuer la lecture <span class=\"meta-nav\">&rarr;<\/span><\/a><\/p>\n","protected":false},"author":1,"featured_media":0,"comment_status":"open","ping_status":"closed","sticky":false,"template":"","format":"standard","meta":{"footnotes":""},"categories":[1],"tags":[],"_links":{"self":[{"href":"https:\/\/santemc.quebec\/icentre\/wp-json\/wp\/v2\/posts\/181667"}],"collection":[{"href":"https:\/\/santemc.quebec\/icentre\/wp-json\/wp\/v2\/posts"}],"about":[{"href":"https:\/\/santemc.quebec\/icentre\/wp-json\/wp\/v2\/types\/post"}],"author":[{"embeddable":true,"href":"https:\/\/santemc.quebec\/icentre\/wp-json\/wp\/v2\/users\/1"}],"replies":[{"embeddable":true,"href":"https:\/\/santemc.quebec\/icentre\/wp-json\/wp\/v2\/comments?post=181667"}],"version-history":[{"count":5,"href":"https:\/\/santemc.quebec\/icentre\/wp-json\/wp\/v2\/posts\/181667\/revisions"}],"predecessor-version":[{"id":181711,"href":"https:\/\/santemc.quebec\/icentre\/wp-json\/wp\/v2\/posts\/181667\/revisions\/181711"}],"wp:attachment":[{"href":"https:\/\/santemc.quebec\/icentre\/wp-json\/wp\/v2\/media?parent=181667"}],"wp:term":[{"taxonomy":"category","embeddable":true,"href":"https:\/\/santemc.quebec\/icentre\/wp-json\/wp\/v2\/categories?post=181667"},{"taxonomy":"post_tag","embeddable":true,"href":"https:\/\/santemc.quebec\/icentre\/wp-json\/wp\/v2\/tags?post=181667"}],"curies":[{"name":"wp","href":"https:\/\/api.w.org\/{rel}","templated":true}]}}