{"id":183030,"date":"2020-01-10T14:44:09","date_gmt":"2020-01-10T19:44:09","guid":{"rendered":"http:\/\/santemc.quebec\/icentre\/?p=183030"},"modified":"2020-01-10T14:44:09","modified_gmt":"2020-01-10T19:44:09","slug":"un-mois-de-decembre-festif-dans-les-chsld-du-cisss","status":"publish","type":"post","link":"https:\/\/santemc.quebec\/icentre\/un-mois-de-decembre-festif-dans-les-chsld-du-cisss\/","title":{"rendered":"Un mois de d\u00e9cembre festif dans les CHSLD du CISSS"},"content":{"rendered":"<p><a href=\"https:\/\/santemc.quebec\/santemc\/icentre\/wp-content\/uploads\/2020\/01\/preposes.jpg\"><img decoding=\"async\" loading=\"lazy\" class=\"size-medium wp-image-183031 alignleft\" src=\"https:\/\/santemc.quebec\/santemc\/icentre\/wp-content\/uploads\/2020\/01\/preposes-300x233.jpg\" alt=\"\" width=\"300\" height=\"233\" srcset=\"https:\/\/santemc.quebec\/santemc\/icentre\/wp-content\/uploads\/2020\/01\/preposes-300x233.jpg 300w, https:\/\/santemc.quebec\/santemc\/icentre\/wp-content\/uploads\/2020\/01\/preposes-768x598.jpg 768w, https:\/\/santemc.quebec\/santemc\/icentre\/wp-content\/uploads\/2020\/01\/preposes-1024x797.jpg 1024w, https:\/\/santemc.quebec\/santemc\/icentre\/wp-content\/uploads\/2020\/01\/preposes-385x300.jpg 385w, https:\/\/santemc.quebec\/santemc\/icentre\/wp-content\/uploads\/2020\/01\/preposes.jpg 1768w\" sizes=\"(max-width: 300px) 100vw, 300px\" \/><\/a>Le temps des f\u00eates repr\u00e9sente toujours une p\u00e9riode tr\u00e8s festive dans les CHSLD. Cette ann\u00e9e ne fait pas exception alors qu\u2019une panoplie d\u2019activit\u00e9s ont \u00e9t\u00e9 organis\u00e9es pour les r\u00e9sidents durant tout le mois de d\u00e9cembre.<\/p>\n<p><!--more--><\/p>\n<p>Anim\u00e9es par les techniciennes en loisirs des CHSLD, en collaboration avec des b\u00e9n\u00e9voles qui ont rev\u00eatu leurs plus beaux costumes du temps des f\u00eates, les activit\u00e9s en CHSLD font le bonheur des r\u00e9sidents et de leur famille. Que ce soit des d\u00eeners sp\u00e9ciaux avec musiciens, une visite de la chorale de No\u00ebl, des messes sp\u00e9ciales ou encore la diffusion de films th\u00e9matiques, les activit\u00e9s sont nombreuses et vari\u00e9es pour animer ces milieux de vie.<\/p>\n<p>La plupart des centres organisent \u00e9galement un grand repas de No\u00ebl auquel les familles des r\u00e9sidents sont invit\u00e9es afin de festoyer en compagnie de leurs proches. Toutes ces belles initiatives sont le fruit du travail des techniciennes en loisirs, des employ\u00e9s en CHSLD et des b\u00e9n\u00e9voles qui, en cette p\u00e9riode de r\u00e9jouissances, tentent de divertir et de cr\u00e9er de beaux moments pour les r\u00e9sidents.<\/p>\n<p>F\u00e9licitations pour ce beau travail!<\/p>\n","protected":false},"excerpt":{"rendered":"<p>Le temps des f\u00eates repr\u00e9sente toujours une p\u00e9riode tr\u00e8s festive dans les CHSLD. Cette ann\u00e9e ne fait pas exception alors qu\u2019une panoplie d\u2019activit\u00e9s ont \u00e9t\u00e9 organis\u00e9es pour les r\u00e9sidents durant tout le mois de d\u00e9cembre.<\/p>\n","protected":false},"author":9,"featured_media":0,"comment_status":"open","ping_status":"closed","sticky":false,"template":"","format":"standard","meta":{"footnotes":""},"categories":[1],"tags":[],"_links":{"self":[{"href":"https:\/\/santemc.quebec\/icentre\/wp-json\/wp\/v2\/posts\/183030"}],"collection":[{"href":"https:\/\/santemc.quebec\/icentre\/wp-json\/wp\/v2\/posts"}],"about":[{"href":"https:\/\/santemc.quebec\/icentre\/wp-json\/wp\/v2\/types\/post"}],"author":[{"embeddable":true,"href":"https:\/\/santemc.quebec\/icentre\/wp-json\/wp\/v2\/users\/9"}],"replies":[{"embeddable":true,"href":"https:\/\/santemc.quebec\/icentre\/wp-json\/wp\/v2\/comments?post=183030"}],"version-history":[{"count":1,"href":"https:\/\/santemc.quebec\/icentre\/wp-json\/wp\/v2\/posts\/183030\/revisions"}],"predecessor-version":[{"id":183032,"href":"https:\/\/santemc.quebec\/icentre\/wp-json\/wp\/v2\/posts\/183030\/revisions\/183032"}],"wp:attachment":[{"href":"https:\/\/santemc.quebec\/icentre\/wp-json\/wp\/v2\/media?parent=183030"}],"wp:term":[{"taxonomy":"category","embeddable":true,"href":"https:\/\/santemc.quebec\/icentre\/wp-json\/wp\/v2\/categories?post=183030"},{"taxonomy":"post_tag","embeddable":true,"href":"https:\/\/santemc.quebec\/icentre\/wp-json\/wp\/v2\/tags?post=183030"}],"curies":[{"name":"wp","href":"https:\/\/api.w.org\/{rel}","templated":true}]}}