{"id":184806,"date":"2020-01-23T09:05:34","date_gmt":"2020-01-23T14:05:34","guid":{"rendered":"http:\/\/santemc.quebec\/icentre\/?p=184806"},"modified":"2020-01-23T09:06:29","modified_gmt":"2020-01-23T14:06:29","slug":"un-partenariat-pour-le-bien-des-usagers-de-linlb","status":"publish","type":"post","link":"https:\/\/santemc.quebec\/icentre\/un-partenariat-pour-le-bien-des-usagers-de-linlb\/","title":{"rendered":"Un partenariat pour le bien des usagers de l\u2019INLB"},"content":{"rendered":"<p>Il n\u2019est pas rare que des personnes ayant une d\u00e9ficience visuelle d\u00e9veloppent, avec le temps, une d\u00e9ficience auditive, et vice versa. Depuis 2005, l\u2019Institut Nazareth et Louis-Braille et l\u2019Institut Raymond-Dewar, du CIUSSS Centre-Sud-de-l&rsquo;\u00cele-de-Montr\u00e9al, allient leurs forces respectives, soit l\u2019intervention en d\u00e9ficience visuelle ainsi qu\u2019en d\u00e9ficience auditive, afin d\u2019offrir \u00e0 ces usagers une gamme de services conjoints permettant de r\u00e9pondre \u00e0 leurs besoins tr\u00e8s sp\u00e9cialis\u00e9s.<\/p>\n<p><!--more--><\/p>\n<p>Compos\u00e9e de 50 % d\u2019intervenants de chacun des deux \u00e9tablissements, l\u2019\u00e9quipe intervient de fa\u00e7on privil\u00e9gi\u00e9e aupr\u00e8s de l\u2019usager pour ainsi d\u00e9velopper des outils et des interventions adapt\u00e9s \u00e0 sa situation. La personne est d\u00e9finitivement mise de l\u2019avant.<\/p>\n<p>Afin de bien comprendre l\u2019importance de ce programme, vous \u00eates invit\u00e9s \u00e0 visionner l\u2019entrevue r\u00e9alis\u00e9e par AMI-T\u00e9l\u00e9 avec une intervenante de l\u2019Institut Raymond-Dewar, Mme Suzanne Trudeau. Cette derni\u00e8re explique en d\u00e9tails la beaut\u00e9 et la n\u00e9cessit\u00e9 de ce partenariat qui c\u00e9l\u00e8bre ses 15 ans cette ann\u00e9e! F\u00e9licitations \u00e0 l\u2019\u00e9quipe!<\/p>\n<p><a href=\"https:\/\/www.amitele.ca\/category\/ca-me-regarde-sante-et-science\/media\/programme-surdicecite-de-raymond-dewar?fbclid=IwAR3_BpwUQx3pHzTti914s-EjSfJq5I9URA2EGbI9NO96JNgki0X4qf5ogx0\" target=\"_blank\" rel=\"noopener noreferrer\">https:\/\/www.amitele.ca\/category\/ca-me-regarde-sante-et-science\/media\/programme-surdicecite-de-raymond-dewar?fbclid=IwAR3_BpwUQx3pHzTti914s-EjSfJq5I9URA2EGbI9NO96JNgki0X4qf5ogx0<\/a><\/p>\n","protected":false},"excerpt":{"rendered":"<p>Il n\u2019est pas rare que des personnes ayant une d\u00e9ficience visuelle d\u00e9veloppent, avec le temps, une d\u00e9ficience auditive, et vice versa. Depuis 2005, l\u2019Institut Nazareth et Louis-Braille et l\u2019Institut Raymond-Dewar, du CIUSSS Centre-Sud-de-l&rsquo;\u00cele-de-Montr\u00e9al, allient leurs forces respectives, soit l\u2019intervention en &hellip; <a href=\"https:\/\/santemc.quebec\/icentre\/un-partenariat-pour-le-bien-des-usagers-de-linlb\/\">Continuer la lecture <span class=\"meta-nav\">&rarr;<\/span><\/a><\/p>\n","protected":false},"author":9,"featured_media":0,"comment_status":"open","ping_status":"closed","sticky":false,"template":"","format":"standard","meta":{"footnotes":""},"categories":[1],"tags":[],"_links":{"self":[{"href":"https:\/\/santemc.quebec\/icentre\/wp-json\/wp\/v2\/posts\/184806"}],"collection":[{"href":"https:\/\/santemc.quebec\/icentre\/wp-json\/wp\/v2\/posts"}],"about":[{"href":"https:\/\/santemc.quebec\/icentre\/wp-json\/wp\/v2\/types\/post"}],"author":[{"embeddable":true,"href":"https:\/\/santemc.quebec\/icentre\/wp-json\/wp\/v2\/users\/9"}],"replies":[{"embeddable":true,"href":"https:\/\/santemc.quebec\/icentre\/wp-json\/wp\/v2\/comments?post=184806"}],"version-history":[{"count":4,"href":"https:\/\/santemc.quebec\/icentre\/wp-json\/wp\/v2\/posts\/184806\/revisions"}],"predecessor-version":[{"id":184810,"href":"https:\/\/santemc.quebec\/icentre\/wp-json\/wp\/v2\/posts\/184806\/revisions\/184810"}],"wp:attachment":[{"href":"https:\/\/santemc.quebec\/icentre\/wp-json\/wp\/v2\/media?parent=184806"}],"wp:term":[{"taxonomy":"category","embeddable":true,"href":"https:\/\/santemc.quebec\/icentre\/wp-json\/wp\/v2\/categories?post=184806"},{"taxonomy":"post_tag","embeddable":true,"href":"https:\/\/santemc.quebec\/icentre\/wp-json\/wp\/v2\/tags?post=184806"}],"curies":[{"name":"wp","href":"https:\/\/api.w.org\/{rel}","templated":true}]}}