{"id":185020,"date":"2020-02-18T09:55:40","date_gmt":"2020-02-18T14:55:40","guid":{"rendered":"http:\/\/santemc.quebec\/icentre\/?p=185020"},"modified":"2020-02-18T09:57:32","modified_gmt":"2020-02-18T14:57:32","slug":"flash-ca-les-nouvelles-de-la-seance-du-conseil-dadministration-du-2-fevrier-2017-copy-copy-copy-copy-copy-copy-copy-copy-copy-copy-copy-copy-copy-copy-copy","status":"publish","type":"post","link":"https:\/\/santemc.quebec\/icentre\/flash-ca-les-nouvelles-de-la-seance-du-conseil-dadministration-du-2-fevrier-2017-copy-copy-copy-copy-copy-copy-copy-copy-copy-copy-copy-copy-copy-copy-copy\/","title":{"rendered":"Flash CA \u2013 Les nouvelles de la s\u00e9ance du conseil d\u2019administration du 30 janvier"},"content":{"rendered":"<p><strong><img decoding=\"async\" loading=\"lazy\" class=\"alignleft wp-image-1416 size-thumbnail\" src=\"http:\/\/santemc.quebec\/santemc\/icentre\/wp-content\/uploads\/2015\/12\/flashcaicentre-150x150.jpg\" alt=\"flashcaicentre\" width=\"150\" height=\"150\" srcset=\"https:\/\/santemc.quebec\/santemc\/icentre\/wp-content\/uploads\/2015\/12\/flashcaicentre-150x150.jpg 150w, https:\/\/santemc.quebec\/santemc\/icentre\/wp-content\/uploads\/2015\/12\/flashcaicentre-300x300.jpg 300w, https:\/\/santemc.quebec\/santemc\/icentre\/wp-content\/uploads\/2015\/12\/flashcaicentre.jpg 400w\" sizes=\"(max-width: 150px) 100vw, 150px\" \/><\/strong>Le Flash CA revient sur les points d&rsquo;information et les grands dossiers organisationnels qui sont discut\u00e9s aux s\u00e9ances publiques du conseil d\u2019administration du CISSS de la Mont\u00e9r\u00e9gie-Centre.<\/p>\n<p>Consultez aussi la <a href=\"https:\/\/santemc.quebec\/santemc\/icentre\/wp-content\/uploads\/2020\/02\/flashCA_20200130.pdf\" target=\"_blank\" rel=\"noopener noreferrer\">version PDF du Flash CA<\/a>.<\/p>\n<p><!--more--><\/p>\n<p><span style=\"color: #ff6600;\"><strong>PERFORMANCE ET QUALIT\u00c9<br \/>\n<\/strong><\/span><\/p>\n<p><b>D\u00e9marche <\/b><b>d\u2019agr\u00e9ment 2018-2023<\/b><\/p>\n<p>Le conseil d\u2019administration a pris connaissance du rapport (d\u00e9cembre 2019) de la visite d\u2019agr\u00e9ment qui t\u00e9moigne d\u2019une moyenne de conformit\u00e9 \u00e0 pr\u00e8s de 95 %. Il a adopt\u00e9 une motion de f\u00e9licitations adress\u00e9es aux personnes qui ont contribu\u00e9 au succ\u00e8s remport\u00e9 pour l\u2019agr\u00e9ment des s\u00e9quences 1 et 2 portant sur les normes suivantes :<\/p>\n<ul>\n<li>Leadership<\/li>\n<li>Gouvernance<\/li>\n<li>Sant\u00e9 publique<\/li>\n<li>Gestion des m\u00e9dicaments<\/li>\n<li>Retraitement des dispositifs m\u00e9dicaux<\/li>\n<li>Pr\u00e9vention et contr\u00f4le des infections<\/li>\n<li>Services aux client\u00e8les au programme jeunesse et des programmes sant\u00e9 mentale et d\u00e9pendances<\/li>\n<\/ul>\n<p>En 2020, la d\u00e9marche d\u2019agr\u00e9ment vise les secteurs propres \u00e0 la sant\u00e9 physique ainsi que les services g\u00e9n\u00e9raux. Les membres ont appris que le processus d\u2019examen des preuves est achev\u00e9 et se r\u00e9v\u00e8le satisfaisant.<\/p>\n<p><strong style=\"color: #ff6600;\"><strong>AFFAIRES FINANCI\u00c8RES<br \/>\n<\/strong><\/strong><\/p>\n<p><b>R\u00e9sultats <\/b><b>financiers de l&rsquo;exercice 2019-2020 \u00e0 la fin de la p\u00e9riode 9, termin\u00e9e le 7 d\u00e9cembre 2019<\/b><\/p>\n<p>Les r\u00e9sultats financiers montrent un surplus de 1 M$ au 7 d\u00e9cembre 2019, soit un \u00e9cart favorable de 0,13 % du budget cumulatif. De plus, en date de la pr\u00e9sente p\u00e9riode, un surplus de 2 M$ est projet\u00e9 et attendu au 31 mars 2020, et ce, incluant le d\u00e9ficit r\u00e9gional du projet Optilab.<\/p>\n<p><strong style=\"color: #ff6600;\">AFFAIRES COURANTES<\/strong><\/p>\n<p><b>Nominations <\/b><\/p>\n<ul>\n<li>Mme Genevi\u00e8ve Plante a \u00e9t\u00e9 nomm\u00e9e directrice clinico-administrative de la Direction r\u00e9gionale des laboratoires.<\/li>\n<li>Une optom\u00e9triste a vu sa nomination renouvel\u00e9e pour une dur\u00e9e de deux ans.<\/li>\n<\/ul>\n<p><b>Conseil <\/b><b>des m\u00e9decins, dentistes et pharmaciens (CMDP)<\/b><\/p>\n<p>Sur recommandation du comit\u00e9 ex\u00e9cutif du CMDP, le conseil a :<\/p>\n<ul>\n<li>pris acte de la d\u00e9mission d\u2019un membre du CMDP;<\/li>\n<li>autoris\u00e9 le recours \u00e0 un expert externe pour un comit\u00e9 de discipline;<\/li>\n<li>approuv\u00e9 les r\u00e8glements sur le fonctionnement de huit d\u00e9partements\u00a0:<\/li>\n<li>D\u00e9partement de sant\u00e9 publique et de ses services;<\/li>\n<li>D\u00e9partement clinique de m\u00e9decine de laboratoire;<\/li>\n<li>D\u00e9partement d&rsquo;imagerie m\u00e9dicale;<\/li>\n<li>D\u00e9partement clinique de pharmacie;<\/li>\n<li>D\u00e9partement d&rsquo;obst\u00e9trique-gyn\u00e9cologie;<\/li>\n<li>D\u00e9partement de psychiatrie et de ses services;<\/li>\n<li>D\u00e9partement de m\u00e9decine g\u00e9n\u00e9rale;<\/li>\n<li>D\u00e9partement d&rsquo;anesth\u00e9siologie.<\/li>\n<\/ul>\n<p><b>Conseil des sages-femmes (CSF)<\/b><\/p>\n<p>Sur recommandation du comit\u00e9 ex\u00e9cutif du CSF, le conseil a octroy\u00e9 cinq contrats de services \u00e0 des sages-femmes et renouvel\u00e9 celui de huit autres.<\/p>\n<p><b>Exigences <\/b><b>relatives aux soins aigus dans le r\u00e9seau qu\u00e9b\u00e9cois de traumatologie<\/b><\/p>\n<p>Le conseil d\u2019administration a adopt\u00e9 une r\u00e9solution confirmant l\u2019engagement de l\u2019\u00e9tablissement \u00e0 se conformer aux nouvelles exigences en traumatologie de l\u2019Institut national d\u2019excellence en sant\u00e9 et en services sociaux. Ces soins sont dispens\u00e9s \u00e0 l\u2019H\u00f4pital Charles-Le Moyne.<\/p>\n<p><b>Rapports<\/b><\/p>\n<p>Les documents suivants ont \u00e9t\u00e9 d\u00e9pos\u00e9s au conseil d\u2019administration\u00a0:<\/p>\n<ul>\n<li>Rapport annuel 2018-2019 du conseil des m\u00e9decins, dentistes et pharmaciens, pr\u00e9sent\u00e9 par Dr Raymond Taillefer, pr\u00e9sident du CMDP;<\/li>\n<li>Rapport trimestriel sur l\u2019application du Protocole de mise sous garde en \u00e9tablissement des personnes dangereuses pour elles-m\u00eames ou pour autrui en raison de leur \u00e9tat mental, pr\u00e9sent\u00e9 par M. Benoit Geneau, directeur des programmes de sant\u00e9 mentale et d\u00e9pendance.<\/li>\n<\/ul>\n<p>Prochaine s\u00e9ance du conseil<br \/>\nLe 26 mars 2020, \u00e0 19 h, au 1255, rue Beauregard, Longueuil.<\/p>\n<p>&nbsp;<\/p>\n","protected":false},"excerpt":{"rendered":"<p>Le Flash CA revient sur les points d&rsquo;information et les grands dossiers organisationnels qui sont discut\u00e9s aux s\u00e9ances publiques du conseil d\u2019administration du CISSS de la Mont\u00e9r\u00e9gie-Centre. Consultez aussi la version PDF du Flash CA.<\/p>\n","protected":false},"author":1,"featured_media":0,"comment_status":"open","ping_status":"closed","sticky":false,"template":"","format":"standard","meta":{"footnotes":""},"categories":[49],"tags":[51],"_links":{"self":[{"href":"https:\/\/santemc.quebec\/icentre\/wp-json\/wp\/v2\/posts\/185020"}],"collection":[{"href":"https:\/\/santemc.quebec\/icentre\/wp-json\/wp\/v2\/posts"}],"about":[{"href":"https:\/\/santemc.quebec\/icentre\/wp-json\/wp\/v2\/types\/post"}],"author":[{"embeddable":true,"href":"https:\/\/santemc.quebec\/icentre\/wp-json\/wp\/v2\/users\/1"}],"replies":[{"embeddable":true,"href":"https:\/\/santemc.quebec\/icentre\/wp-json\/wp\/v2\/comments?post=185020"}],"version-history":[{"count":3,"href":"https:\/\/santemc.quebec\/icentre\/wp-json\/wp\/v2\/posts\/185020\/revisions"}],"predecessor-version":[{"id":185025,"href":"https:\/\/santemc.quebec\/icentre\/wp-json\/wp\/v2\/posts\/185020\/revisions\/185025"}],"wp:attachment":[{"href":"https:\/\/santemc.quebec\/icentre\/wp-json\/wp\/v2\/media?parent=185020"}],"wp:term":[{"taxonomy":"category","embeddable":true,"href":"https:\/\/santemc.quebec\/icentre\/wp-json\/wp\/v2\/categories?post=185020"},{"taxonomy":"post_tag","embeddable":true,"href":"https:\/\/santemc.quebec\/icentre\/wp-json\/wp\/v2\/tags?post=185020"}],"curies":[{"name":"wp","href":"https:\/\/api.w.org\/{rel}","templated":true}]}}