{"id":185037,"date":"2020-02-18T09:56:51","date_gmt":"2020-02-18T14:56:51","guid":{"rendered":"http:\/\/santemc.quebec\/icentre\/?p=185037"},"modified":"2020-02-18T09:56:51","modified_gmt":"2020-02-18T14:56:51","slug":"resultats-de-la-demarche-dagrement-des-felicitations-meritees","status":"publish","type":"post","link":"https:\/\/santemc.quebec\/icentre\/resultats-de-la-demarche-dagrement-des-felicitations-meritees\/","title":{"rendered":"R\u00e9sultats de la d\u00e9marche d\u2019agr\u00e9ment : des f\u00e9licitations m\u00e9rit\u00e9es"},"content":{"rendered":"<p>Au terme de sa premi\u00e8re visite dans notre \u00e9tablissement, Agr\u00e9ment Canada a remis son rapport. Les r\u00e9sultats sont excellents, c\u2019est-\u00e0-dire une conformit\u00e9 \u00e0 pr\u00e8s de 95 %. Ces r\u00e9sultats traduisent l\u2019excellence des services offerts et la pr\u00e9occupation constante \u00e0 l\u2019\u00e9gard de la s\u00e9curit\u00e9 des soins et des services. Les membres du conseil d\u2019administration s\u2019unissent donc pour f\u00e9liciter toutes les personnes ayant \u0153uvr\u00e9 au succ\u00e8s de la d\u00e9marche d\u2019agr\u00e9ment.<\/p>\n<p><!--more--><\/p>\n<p>Les r\u00e9sultats de cette premi\u00e8re visite sont la preuve concr\u00e8te de l\u2019engagement quotidien des employ\u00e9s, des m\u00e9decins et du personnel d\u2019encadrement \u00e0 maintenir les plus hauts standards en mati\u00e8re de qualit\u00e9 et de s\u00e9curit\u00e9 des services rendus \u00e0 la population. Un \u00e9norme merci \u00e0 vous tous!<\/p>\n<p>Rappelons que la visite d\u2019agr\u00e9ment tenue \u00e0 l\u2019automne 2019 portait sur les normes suivantes :<\/p>\n<ul>\n<li>leadership;<\/li>\n<li>gouvernance;<\/li>\n<li>sant\u00e9 publique;<\/li>\n<li>gestion des m\u00e9dicaments;<\/li>\n<li>retraitement des dispositifs m\u00e9dicaux;<\/li>\n<li>pr\u00e9vention et contr\u00f4le des infections;<\/li>\n<li>services aux client\u00e8les du programme jeunesse et des programmes sant\u00e9 mentale et d\u00e9pendance.<\/li>\n<\/ul>\n<p>L\u2019exercice d\u2019agr\u00e9ment se poursuit maintenant avec la phase 2. La d\u00e9marche prendra fin en 2023. D\u2019ici ce moment, continuons de \u00ab progresser ensemble \u00bb.<\/p>\n<p><em>Richard Deschamps, pr\u00e9sident-directeur g\u00e9n\u00e9ral, et tous les membres du conseil d\u2019administration<\/em><\/p>\n","protected":false},"excerpt":{"rendered":"<p>Au terme de sa premi\u00e8re visite dans notre \u00e9tablissement, Agr\u00e9ment Canada a remis son rapport. Les r\u00e9sultats sont excellents, c\u2019est-\u00e0-dire une conformit\u00e9 \u00e0 pr\u00e8s de 95 %. Ces r\u00e9sultats traduisent l\u2019excellence des services offerts et la pr\u00e9occupation constante \u00e0 l\u2019\u00e9gard &hellip; <a href=\"https:\/\/santemc.quebec\/icentre\/resultats-de-la-demarche-dagrement-des-felicitations-meritees\/\">Continuer la lecture <span class=\"meta-nav\">&rarr;<\/span><\/a><\/p>\n","protected":false},"author":9,"featured_media":0,"comment_status":"open","ping_status":"closed","sticky":false,"template":"","format":"standard","meta":{"footnotes":""},"categories":[1],"tags":[],"_links":{"self":[{"href":"https:\/\/santemc.quebec\/icentre\/wp-json\/wp\/v2\/posts\/185037"}],"collection":[{"href":"https:\/\/santemc.quebec\/icentre\/wp-json\/wp\/v2\/posts"}],"about":[{"href":"https:\/\/santemc.quebec\/icentre\/wp-json\/wp\/v2\/types\/post"}],"author":[{"embeddable":true,"href":"https:\/\/santemc.quebec\/icentre\/wp-json\/wp\/v2\/users\/9"}],"replies":[{"embeddable":true,"href":"https:\/\/santemc.quebec\/icentre\/wp-json\/wp\/v2\/comments?post=185037"}],"version-history":[{"count":1,"href":"https:\/\/santemc.quebec\/icentre\/wp-json\/wp\/v2\/posts\/185037\/revisions"}],"predecessor-version":[{"id":185038,"href":"https:\/\/santemc.quebec\/icentre\/wp-json\/wp\/v2\/posts\/185037\/revisions\/185038"}],"wp:attachment":[{"href":"https:\/\/santemc.quebec\/icentre\/wp-json\/wp\/v2\/media?parent=185037"}],"wp:term":[{"taxonomy":"category","embeddable":true,"href":"https:\/\/santemc.quebec\/icentre\/wp-json\/wp\/v2\/categories?post=185037"},{"taxonomy":"post_tag","embeddable":true,"href":"https:\/\/santemc.quebec\/icentre\/wp-json\/wp\/v2\/tags?post=185037"}],"curies":[{"name":"wp","href":"https:\/\/api.w.org\/{rel}","templated":true}]}}