{"id":185051,"date":"2020-02-18T14:35:38","date_gmt":"2020-02-18T19:35:38","guid":{"rendered":"http:\/\/santemc.quebec\/icentre\/?p=185051"},"modified":"2020-02-18T14:35:38","modified_gmt":"2020-02-18T19:35:38","slug":"un-programme-de-depannage-pour-les-utilisateurs-de-services-de-sante-mentale-de-lhopital-charles-le-moyne","status":"publish","type":"post","link":"https:\/\/santemc.quebec\/icentre\/un-programme-de-depannage-pour-les-utilisateurs-de-services-de-sante-mentale-de-lhopital-charles-le-moyne\/","title":{"rendered":"Un programme de d\u00e9pannage pour les utilisateurs de services de sant\u00e9 mentale de l\u2019H\u00f4pital Charles-Le Moyne"},"content":{"rendered":"<div id=\"attachment_185052\" style=\"width: 310px\" class=\"wp-caption alignleft\"><a href=\"https:\/\/santemc.quebec\/santemc\/icentre\/wp-content\/uploads\/2020\/02\/IMG_8129.jpg\"><img aria-describedby=\"caption-attachment-185052\" decoding=\"async\" loading=\"lazy\" class=\"size-medium wp-image-185052\" src=\"https:\/\/santemc.quebec\/santemc\/icentre\/wp-content\/uploads\/2020\/02\/IMG_8129-300x225.jpg\" alt=\"\" width=\"300\" height=\"225\" srcset=\"https:\/\/santemc.quebec\/santemc\/icentre\/wp-content\/uploads\/2020\/02\/IMG_8129-300x225.jpg 300w, https:\/\/santemc.quebec\/santemc\/icentre\/wp-content\/uploads\/2020\/02\/IMG_8129-768x576.jpg 768w, https:\/\/santemc.quebec\/santemc\/icentre\/wp-content\/uploads\/2020\/02\/IMG_8129-1024x768.jpg 1024w, https:\/\/santemc.quebec\/santemc\/icentre\/wp-content\/uploads\/2020\/02\/IMG_8129-400x300.jpg 400w, https:\/\/santemc.quebec\/santemc\/icentre\/wp-content\/uploads\/2020\/02\/IMG_8129.jpg 1280w\" sizes=\"(max-width: 300px) 100vw, 300px\" \/><\/a><p id=\"caption-attachment-185052\" class=\"wp-caption-text\">Des b\u00e9n\u00e9voles en compagnie de la pr\u00e9sidente de l\u2019Association des auxiliaires b\u00e9n\u00e9voles de l\u2019H\u00f4pital Charles-Le Moyne, Ginette Lafortune, et de Benoit Geneau, directeur des programmes sant\u00e9 mentale et d\u00e9pendance du CISSS.<\/p><\/div>\n<p>Les personnes qui utilisent les services de sant\u00e9 mentale de l\u2019H\u00f4pital Charles-Le Moyne peuvent maintenant compter sur un programme de d\u00e9pannage pour faire face aux impr\u00e9vus.<\/p>\n<p><!--more--><\/p>\n<p>Le programme Nouveau d\u00e9part est un fonds d\u2019urgence financ\u00e9 par l\u2019Association des auxiliaires b\u00e9n\u00e9voles de l\u2019H\u00f4pital Charles-Le Moyne \u00e0 raison de 5\u00a0000 $ par ann\u00e9e.<\/p>\n<p>\u00ab Nous croyons que cette aide peut faire la diff\u00e9rence chez une personne qui vient d\u2019obtenir son cong\u00e9 de l\u2019h\u00f4pital et qui est \u00e0 risque de se retrouver en situation d\u2019itin\u00e9rance ou dans une situation de grande vuln\u00e9rabilit\u00e9, par exemple\u00a0\u00bb, pr\u00e9cise monsieur Benoit Geneau, directeur des programmes sant\u00e9 mentale et d\u00e9pendance.<\/p>\n<p>Il s\u2019agit de la premi\u00e8re initiative de l\u2019Association des auxiliaires b\u00e9n\u00e9voles de l\u2019H\u00f4pital Charles-Le Moyne \u00e0 l\u2019ext\u00e9rieur des murs de l\u2019H\u00f4pital. \u00ab Notre mission depuis 40 ans, c\u2019est de contribuer \u00e0 rendre le s\u00e9jour \u00e0 l\u2019H\u00f4pital plus humain. C\u2019est ce que font nos b\u00e9n\u00e9voles chaque jour aupr\u00e8s de la client\u00e8le hospitalis\u00e9e. Ici, il s\u2019agit d\u2019offrir un coup de pouce suppl\u00e9mentaire aux personnes qui pr\u00e9sentent un probl\u00e8me de sant\u00e9 mentale \u00bb, ajoute madame Ginette Lafortune, pr\u00e9sidente l\u2019Association des auxiliaires b\u00e9n\u00e9voles de l\u2019H\u00f4pital Charles-Le Moyne.<\/p>\n<p>Les demandes doivent \u00eatre adress\u00e9es \u00e0 la chef de l\u2019unit\u00e9 de psychiatrie de l\u2019H\u00f4pital Charles-Le Moyne par l\u2019interm\u00e9diaire de l\u2019intervenant pivot au dossier de l\u2019usager. Ce programme s&rsquo;adresse aux\u00a0personnes en soins actifs de sant\u00e9 mentale de l\u2019H\u00f4pital Charles-Le Moyne et s&rsquo;inscrit dans le plan d&rsquo;intervention de la personne.<\/p>\n","protected":false},"excerpt":{"rendered":"<p>Les personnes qui utilisent les services de sant\u00e9 mentale de l\u2019H\u00f4pital Charles-Le Moyne peuvent maintenant compter sur un programme de d\u00e9pannage pour faire face aux impr\u00e9vus.<\/p>\n","protected":false},"author":9,"featured_media":0,"comment_status":"open","ping_status":"closed","sticky":false,"template":"","format":"standard","meta":{"footnotes":""},"categories":[1],"tags":[],"_links":{"self":[{"href":"https:\/\/santemc.quebec\/icentre\/wp-json\/wp\/v2\/posts\/185051"}],"collection":[{"href":"https:\/\/santemc.quebec\/icentre\/wp-json\/wp\/v2\/posts"}],"about":[{"href":"https:\/\/santemc.quebec\/icentre\/wp-json\/wp\/v2\/types\/post"}],"author":[{"embeddable":true,"href":"https:\/\/santemc.quebec\/icentre\/wp-json\/wp\/v2\/users\/9"}],"replies":[{"embeddable":true,"href":"https:\/\/santemc.quebec\/icentre\/wp-json\/wp\/v2\/comments?post=185051"}],"version-history":[{"count":1,"href":"https:\/\/santemc.quebec\/icentre\/wp-json\/wp\/v2\/posts\/185051\/revisions"}],"predecessor-version":[{"id":185053,"href":"https:\/\/santemc.quebec\/icentre\/wp-json\/wp\/v2\/posts\/185051\/revisions\/185053"}],"wp:attachment":[{"href":"https:\/\/santemc.quebec\/icentre\/wp-json\/wp\/v2\/media?parent=185051"}],"wp:term":[{"taxonomy":"category","embeddable":true,"href":"https:\/\/santemc.quebec\/icentre\/wp-json\/wp\/v2\/categories?post=185051"},{"taxonomy":"post_tag","embeddable":true,"href":"https:\/\/santemc.quebec\/icentre\/wp-json\/wp\/v2\/tags?post=185051"}],"curies":[{"name":"wp","href":"https:\/\/api.w.org\/{rel}","templated":true}]}}