{"id":185070,"date":"2020-02-20T14:42:42","date_gmt":"2020-02-20T19:42:42","guid":{"rendered":"http:\/\/santemc.quebec\/icentre\/?p=185070"},"modified":"2020-02-20T14:42:42","modified_gmt":"2020-02-20T19:42:42","slug":"emplois-etudiants-periode-de-recrutement-pour-lete-2020","status":"publish","type":"post","link":"https:\/\/santemc.quebec\/icentre\/emplois-etudiants-periode-de-recrutement-pour-lete-2020\/","title":{"rendered":"Emplois \u00e9tudiants : p\u00e9riode de recrutement pour l\u2019\u00e9t\u00e9 2020"},"content":{"rendered":"<p><a href=\"https:\/\/santemc.quebec\/santemc\/icentre\/wp-content\/uploads\/2020\/02\/PostFB_emplois-etudiants_ete2020_vfinale.jpg\"><img decoding=\"async\" loading=\"lazy\" class=\"size-medium wp-image-185071 alignleft\" src=\"https:\/\/santemc.quebec\/santemc\/icentre\/wp-content\/uploads\/2020\/02\/PostFB_emplois-etudiants_ete2020_vfinale-300x208.jpg\" alt=\"\" width=\"300\" height=\"208\" srcset=\"https:\/\/santemc.quebec\/santemc\/icentre\/wp-content\/uploads\/2020\/02\/PostFB_emplois-etudiants_ete2020_vfinale-300x208.jpg 300w, https:\/\/santemc.quebec\/santemc\/icentre\/wp-content\/uploads\/2020\/02\/PostFB_emplois-etudiants_ete2020_vfinale.jpg 768w, https:\/\/santemc.quebec\/santemc\/icentre\/wp-content\/uploads\/2020\/02\/PostFB_emplois-etudiants_ete2020_vfinale-433x300.jpg 433w\" sizes=\"(max-width: 300px) 100vw, 300px\" \/><\/a>Votre \u00ab\u00a0ado\/ami\/cousin\u00a0\u00bb obtiendra son dipl\u00f4me d\u2019\u00e9tudes secondaires cette ann\u00e9e et il ou elle est \u00e0 la recherche d\u2019un emploi d\u2019\u00e9t\u00e9? Voici sa chance de faire partie de l\u2019une de nos \u00e9quipes!<\/p>\n<p><!--more--><\/p>\n<p>Le CISSS de la Mont\u00e9r\u00e9gie-Centre est pr\u00e9sentement \u00e0 la recherche d\u2019\u00e9tudiants motiv\u00e9s et d\u00e9brouillards souhaitant travailler pour notre organisation durant la p\u00e9riode estivale. Ces embauches visent \u00e0 r\u00e9pondre aux besoins de remplacement du personnel des services auxiliaires et administratifs.<\/p>\n<p>Pour \u00eatre admissible \u00e0 un emploi au CISSSMC, la candidature \u00e9tudiante doit r\u00e9pondre aux exigences suivantes* :<\/p>\n<ul>\n<li>\u00eatre inscrit aux \u00e9tudes \u00e0 temps complet actuellement et en septembre 2020 (inscription dans un programme d\u2019\u00e9tudes reli\u00e9 au domaine de la sant\u00e9 et des services sociaux sera consid\u00e9r\u00e9 comme un atout);<\/li>\n<li>\u00eatre d\u00e9tenteur, au moment de l\u2019entr\u00e9e en fonction, d\u2019un dipl\u00f4me de fin d\u2019\u00e9tudes secondaires;<\/li>\n<li>\u00eatre \u00e2g\u00e9 de 17 ans au moment de l\u2019embauche;<\/li>\n<li>\u00eatre disponible \u00e0 temps complet de jour, soir et nuit (ou seulement deux quarts selon le titre d\u2019emploi) incluant une fin de semaine sur deux.<\/li>\n<\/ul>\n<p><strong>Comment recommander un \u00e9tudiant?<br \/>\n<\/strong>Les employ\u00e9s, gestionnaires et m\u00e9decins du CISSSMC qui souhaitent recommander un \u00e9tudiant doivent nous transmettre sa candidature <strong>avant le 28 f\u00e9vrier prochain<\/strong>.<\/p>\n<p><strong>\u00c9tape 1<\/strong> &#8211; Pour pr\u00e9senter une candidature, \u00e0 titre de r\u00e9f\u00e9rent, vous devez faire parvenir un courriel \u00e0 l\u2019adresse suivante : <a href=\"mailto:dotation.embauche.cisssmc16@ssss.gouv.qc.ca\" target=\"_blank\" rel=\"noopener noreferrer\"><strong>dotation.embauche.cisssmc16@ssss.gouv.qc.ca<\/strong><\/a>. Il n\u2019est pas n\u00e9cessaire de joindre le curriculum vitae de l\u2019\u00e9tudiant \u00e0 votre courriel. Votre courriel devra contenir les informations suivantes :<\/p>\n<ul>\n<li>inscrire dans l\u2019objet du courriel \u00ab Emplois \u00e9tudiants \u00bb;<\/li>\n<li>le nom et pr\u00e9nom de l\u2019\u00e9tudiant;<\/li>\n<li>son niveau d\u2019\u00e9tudes (coll\u00e9gial ou universitaire);<\/li>\n<li>son programme d\u2019\u00e9tudes;<\/li>\n<li>votre nom, pr\u00e9nom, num\u00e9ro d\u2019employ\u00e9 et port d\u2019attache.<\/li>\n<\/ul>\n<p><strong>\u00c9tape 2<\/strong> &#8211; Pour qu\u2019une candidature soit compl\u00e8te, l\u2019\u00e9tudiant que vous recommandez doit \u00e9galement postuler en ligne, selon la proc\u00e9dure suivante :<\/p>\n<ul>\n<li>Se rendre \u00e0 l\u2019adresse <a href=\"http:\/\/nousrecrutons.ca\" target=\"_blank\" rel=\"noopener noreferrer\"><strong>nousrecrutons.ca<\/strong><\/a><\/li>\n<li>Cliquer sur le bouton \u00ab Stages et emplois \u00e9tudiants \u00bb.<\/li>\n<li>L\u2019\u00e9tudiant doit s\u00e9lectionner le titre d\u2019emploi \u00e9tudiant de son choix, puis postuler en ligne en remplissant tous les champs exig\u00e9s et joindre son curriculum vitae.<\/li>\n<\/ul>\n<p>* <em>Prenez note que les candidatures re\u00e7ues seront assujetties \u00e0 une s\u00e9lection incluant une entrevue et une possibilit\u00e9 de test selon les titres d\u2019emploi. Lors de l\u2019entrevue, nous validerons les int\u00e9r\u00eats, les exp\u00e9riences ainsi que le profil des candidats afin de proc\u00e9der \u00e0 un arrimage des candidatures en fonction des besoins de l\u2019organisation. Seules les personnes retenues pour une entrevue seront contact\u00e9es.<\/em><\/p>\n<p>&nbsp;<\/p>\n","protected":false},"excerpt":{"rendered":"<p>Votre \u00ab\u00a0ado\/ami\/cousin\u00a0\u00bb obtiendra son dipl\u00f4me d\u2019\u00e9tudes secondaires cette ann\u00e9e et il ou elle est \u00e0 la recherche d\u2019un emploi d\u2019\u00e9t\u00e9? Voici sa chance de faire partie de l\u2019une de nos \u00e9quipes!<\/p>\n","protected":false},"author":9,"featured_media":0,"comment_status":"open","ping_status":"closed","sticky":false,"template":"","format":"standard","meta":{"footnotes":""},"categories":[1],"tags":[],"_links":{"self":[{"href":"https:\/\/santemc.quebec\/icentre\/wp-json\/wp\/v2\/posts\/185070"}],"collection":[{"href":"https:\/\/santemc.quebec\/icentre\/wp-json\/wp\/v2\/posts"}],"about":[{"href":"https:\/\/santemc.quebec\/icentre\/wp-json\/wp\/v2\/types\/post"}],"author":[{"embeddable":true,"href":"https:\/\/santemc.quebec\/icentre\/wp-json\/wp\/v2\/users\/9"}],"replies":[{"embeddable":true,"href":"https:\/\/santemc.quebec\/icentre\/wp-json\/wp\/v2\/comments?post=185070"}],"version-history":[{"count":1,"href":"https:\/\/santemc.quebec\/icentre\/wp-json\/wp\/v2\/posts\/185070\/revisions"}],"predecessor-version":[{"id":185072,"href":"https:\/\/santemc.quebec\/icentre\/wp-json\/wp\/v2\/posts\/185070\/revisions\/185072"}],"wp:attachment":[{"href":"https:\/\/santemc.quebec\/icentre\/wp-json\/wp\/v2\/media?parent=185070"}],"wp:term":[{"taxonomy":"category","embeddable":true,"href":"https:\/\/santemc.quebec\/icentre\/wp-json\/wp\/v2\/categories?post=185070"},{"taxonomy":"post_tag","embeddable":true,"href":"https:\/\/santemc.quebec\/icentre\/wp-json\/wp\/v2\/tags?post=185070"}],"curies":[{"name":"wp","href":"https:\/\/api.w.org\/{rel}","templated":true}]}}