{"id":185106,"date":"2020-02-27T15:26:58","date_gmt":"2020-02-27T20:26:58","guid":{"rendered":"http:\/\/santemc.quebec\/icentre\/?p=185106"},"modified":"2020-02-27T15:34:57","modified_gmt":"2020-02-27T20:34:57","slug":"une-nouvelle-maison-des-aines-a-saint-jean-sur-richelieu","status":"publish","type":"post","link":"https:\/\/santemc.quebec\/icentre\/une-nouvelle-maison-des-aines-a-saint-jean-sur-richelieu\/","title":{"rendered":"Une nouvelle maison des a\u00een\u00e9s \u00e0 Saint-Jean-sur-Richelieu"},"content":{"rendered":"<div id=\"attachment_185138\" style=\"width: 310px\" class=\"wp-caption alignleft\"><a href=\"https:\/\/santemc.quebec\/santemc\/icentre\/wp-content\/uploads\/2020\/02\/MDA_8152.jpg\"><img aria-describedby=\"caption-attachment-185138\" decoding=\"async\" loading=\"lazy\" class=\"size-medium wp-image-185138\" src=\"https:\/\/santemc.quebec\/santemc\/icentre\/wp-content\/uploads\/2020\/02\/MDA_8152-300x225.jpg\" alt=\"\" width=\"300\" height=\"225\" srcset=\"https:\/\/santemc.quebec\/santemc\/icentre\/wp-content\/uploads\/2020\/02\/MDA_8152-300x225.jpg 300w, https:\/\/santemc.quebec\/santemc\/icentre\/wp-content\/uploads\/2020\/02\/MDA_8152-768x576.jpg 768w, https:\/\/santemc.quebec\/santemc\/icentre\/wp-content\/uploads\/2020\/02\/MDA_8152-1024x768.jpg 1024w, https:\/\/santemc.quebec\/santemc\/icentre\/wp-content\/uploads\/2020\/02\/MDA_8152-400x300.jpg 400w, https:\/\/santemc.quebec\/santemc\/icentre\/wp-content\/uploads\/2020\/02\/MDA_8152.jpg 1280w\" sizes=\"(max-width: 300px) 100vw, 300px\" \/><\/a><p id=\"caption-attachment-185138\" class=\"wp-caption-text\">Le maire de Saint-Jean-sur-Richelieu, Alain Laplante; le ministre responsable de la r\u00e9gion de la Mont\u00e9r\u00e9gie, Christian Dub\u00e9; le maire de Saint-Alexandre, Luc Mercier; le d\u00e9put\u00e9 de Saint-Jean, Louis Lemieux; la conseill\u00e8re de Marieville, Monic Paquette; le PDG du CISSS, Richard Deschamps; et R\u00e9al Ryan, maire de Noyan et pr\u00e9fet de la MRC du Haut-Richelieu.<\/p><\/div>\n<p>Le ministre responsable de la r\u00e9gion de la Mont\u00e9r\u00e9gie, Christian Dub\u00e9, et le d\u00e9put\u00e9 de Saint-Jean, Louis Lemieux, \u00e9taient dans une de nos installations cet apr\u00e8s-midi pour annoncer l\u2019emplacement de la premi\u00e8re maison des a\u00een\u00e9s qui sera construite sur notre territoire.<\/p>\n<p><!--more--><\/p>\n<p>Cette installation sera \u00e9rig\u00e9e sur un terrain adjacent au CHSLD Gertrude-Lafrance sur le boulevard Saint-Luc \u00e0 Saint-Jean-sur-Richelieu.<\/p>\n<p>En tout, 192 places d\u2019h\u00e9bergement seront ainsi cr\u00e9\u00e9es pour accueillir des a\u00een\u00e9s en perte d\u2019autonomie mod\u00e9r\u00e9e qui seront accompagn\u00e9s jusqu\u2019\u00e0 la perte d\u2019autonomie majeure.<\/p>\n<p>Pour l\u2019occasion, le pr\u00e9sident-directeur g\u00e9n\u00e9ral, Richard Deschamps, \u00e9tait pr\u00e9sent, accompagn\u00e9 de Lyne Marquis, directrice g\u00e9n\u00e9rale adjointe aux programmes sociaux, de r\u00e9adaptation et de canc\u00e9rologie, Maryse Poupart, directrice g\u00e9n\u00e9rale adjointe soutien, administration et partenariats, H\u00e9l\u00e8ne Duval, directrice du programme de soutien \u00e0 l\u2019autonomie des personnes \u00e2g\u00e9es, et Louis Lamontagne, directeur des services techniques. Des \u00e9lus des municipalit\u00e9s du territoire du Haut-Richelieu\u2013Rouville \u00e9taient \u00e9galement pr\u00e9sents.<\/p>\n<p>L\u2019annonce d\u2019aujourd\u2019hui fait suite \u00e0 l\u2019information transmise en d\u00e9cembre dernier par la ministre responsable des A\u00een\u00e9s et des Proches aidants, Marguerite Blais, \u00e0 l\u2019effet que 510 nouvelles places d\u2019h\u00e9bergement allaient \u00eatre cr\u00e9\u00e9es en Mont\u00e9r\u00e9gie, soit 460 places en maison des a\u00een\u00e9s et 50 places en maison alternative.<\/p>\n<p>La construction des maisons des a\u00een\u00e9s fait partie d\u2019un grand projet de transformation des services d\u2019h\u00e9bergement et de soins de longue dur\u00e9e qui permettra de cr\u00e9er, d\u2019ici 2022, 2\u00a0600 nouvelles places d\u2019h\u00e9bergement et de transformer 2\u00a0500 places de CHSLD pour adapter davantage certains milieux de vie aux besoins des a\u00een\u00e9s.<\/p>\n","protected":false},"excerpt":{"rendered":"<p>Le ministre responsable de la r\u00e9gion de la Mont\u00e9r\u00e9gie, Christian Dub\u00e9, et le d\u00e9put\u00e9 de Saint-Jean, Louis Lemieux, \u00e9taient dans une de nos installations cet apr\u00e8s-midi pour annoncer l\u2019emplacement de la premi\u00e8re maison des a\u00een\u00e9s qui sera construite sur notre &hellip; <a href=\"https:\/\/santemc.quebec\/icentre\/une-nouvelle-maison-des-aines-a-saint-jean-sur-richelieu\/\">Continuer la lecture <span class=\"meta-nav\">&rarr;<\/span><\/a><\/p>\n","protected":false},"author":9,"featured_media":0,"comment_status":"open","ping_status":"closed","sticky":false,"template":"","format":"standard","meta":{"footnotes":""},"categories":[1],"tags":[],"_links":{"self":[{"href":"https:\/\/santemc.quebec\/icentre\/wp-json\/wp\/v2\/posts\/185106"}],"collection":[{"href":"https:\/\/santemc.quebec\/icentre\/wp-json\/wp\/v2\/posts"}],"about":[{"href":"https:\/\/santemc.quebec\/icentre\/wp-json\/wp\/v2\/types\/post"}],"author":[{"embeddable":true,"href":"https:\/\/santemc.quebec\/icentre\/wp-json\/wp\/v2\/users\/9"}],"replies":[{"embeddable":true,"href":"https:\/\/santemc.quebec\/icentre\/wp-json\/wp\/v2\/comments?post=185106"}],"version-history":[{"count":6,"href":"https:\/\/santemc.quebec\/icentre\/wp-json\/wp\/v2\/posts\/185106\/revisions"}],"predecessor-version":[{"id":185142,"href":"https:\/\/santemc.quebec\/icentre\/wp-json\/wp\/v2\/posts\/185106\/revisions\/185142"}],"wp:attachment":[{"href":"https:\/\/santemc.quebec\/icentre\/wp-json\/wp\/v2\/media?parent=185106"}],"wp:term":[{"taxonomy":"category","embeddable":true,"href":"https:\/\/santemc.quebec\/icentre\/wp-json\/wp\/v2\/categories?post=185106"},{"taxonomy":"post_tag","embeddable":true,"href":"https:\/\/santemc.quebec\/icentre\/wp-json\/wp\/v2\/tags?post=185106"}],"curies":[{"name":"wp","href":"https:\/\/api.w.org\/{rel}","templated":true}]}}