{"id":185143,"date":"2020-02-27T15:46:47","date_gmt":"2020-02-27T20:46:47","guid":{"rendered":"http:\/\/santemc.quebec\/icentre\/?p=185143"},"modified":"2020-02-27T15:51:04","modified_gmt":"2020-02-27T20:51:04","slug":"recrutement-ca-bouge-vraiment-au-cisssmc","status":"publish","type":"post","link":"https:\/\/santemc.quebec\/icentre\/recrutement-ca-bouge-vraiment-au-cisssmc\/","title":{"rendered":"Recrutement : \u00e7a bouge (vraiment) au CISSSMC!"},"content":{"rendered":"<p><a href=\"https:\/\/santemc.quebec\/santemc\/icentre\/wp-content\/uploads\/2020\/02\/affiche_vitrineSI.png\"><img decoding=\"async\" loading=\"lazy\" class=\"size-medium wp-image-185144 alignleft\" src=\"https:\/\/santemc.quebec\/santemc\/icentre\/wp-content\/uploads\/2020\/02\/affiche_vitrineSI-240x300.png\" alt=\"\" width=\"240\" height=\"300\" srcset=\"https:\/\/santemc.quebec\/santemc\/icentre\/wp-content\/uploads\/2020\/02\/affiche_vitrineSI-240x300.png 240w, https:\/\/santemc.quebec\/santemc\/icentre\/wp-content\/uploads\/2020\/02\/affiche_vitrineSI.png 392w\" sizes=\"(max-width: 240px) 100vw, 240px\" \/><\/a>En cette p\u00e9riode de recrutement intensif, voici d\u2019autres moyens d\u00e9ploy\u00e9s r\u00e9cemment pour attirer de nouveaux talents. Au menu : affichage, vid\u00e9o et vox pop!<\/p>\n<p><!--more--><\/p>\n<p><strong>Campagne d\u2019affichage dans les c\u00e9geps et universit\u00e9s<br \/>\n<\/strong>Depuis lundi (24 f\u00e9vrier), le CISSS est bien visible dans les principaux c\u00e9geps et universit\u00e9s de l\u2019\u00cele de Montr\u00e9al ainsi qu\u2019en Mont\u00e9r\u00e9gie. Dans le but de recruter des stagiaires et des finissants dans plusieurs domaines de la sant\u00e9 et des services sociaux, nos affiches seront pr\u00e9sentes pour une dur\u00e9e de quatre semaines.<\/p>\n<p><strong>Le travail en CHSLD mis en lumi\u00e8re!<br \/>\n<\/strong>Dans le souci de mettre en valeur le travail de nos \u00e9quipes en CHSLD, une vid\u00e9o professionnelle a \u00e9t\u00e9 produite en d\u00e9cembre 2019 et lanc\u00e9e sur les r\u00e9seaux sociaux du CISSS. Cette initiative visait \u00e0 pr\u00e9senter ce secteur de notre organisation et \u00e0 encourager les futures ressources, \u00e9tudiants et chercheurs d\u2019emploi, \u00e0 choisir ce milieu de travail.<\/p>\n<p>Vous pouvez visionner et partager la vid\u00e9o \u00e0 partir de diff\u00e9rentes plateformes :<\/p>\n<p><a href=\"https:\/\/santemonteregie.qc.ca\/centre\/pourquoi-le-cisssmc#toc-zone-vid-o\" target=\"_blank\" rel=\"noopener noreferrer\">Site Web<\/a>, <a href=\"https:\/\/www.facebook.com\/cisssmc\/videos\/2379755245469348\/\" target=\"_blank\" rel=\"noopener noreferrer\">Facebook<\/a>, <a href=\"https:\/\/www.linkedin.com\/feed\/update\/urn:li:activity:6609913222063538176\" target=\"_blank\" rel=\"noopener noreferrer\">Linked In<\/a>, <a href=\"https:\/\/youtu.be\/gl8XsT493-w\" target=\"_blank\" rel=\"noopener noreferrer\">Youtube<\/a><\/p>\n<p><a href=\"https:\/\/santemc.quebec\/santemc\/icentre\/wp-content\/uploads\/2020\/02\/capture_Youtube_1.png\"><img decoding=\"async\" loading=\"lazy\" class=\"size-medium wp-image-185145 aligncenter\" src=\"https:\/\/santemc.quebec\/santemc\/icentre\/wp-content\/uploads\/2020\/02\/capture_Youtube_1-300x130.png\" alt=\"\" width=\"300\" height=\"130\" srcset=\"https:\/\/santemc.quebec\/santemc\/icentre\/wp-content\/uploads\/2020\/02\/capture_Youtube_1-300x130.png 300w, https:\/\/santemc.quebec\/santemc\/icentre\/wp-content\/uploads\/2020\/02\/capture_Youtube_1-500x216.png 500w, https:\/\/santemc.quebec\/santemc\/icentre\/wp-content\/uploads\/2020\/02\/capture_Youtube_1.png 729w\" sizes=\"(max-width: 300px) 100vw, 300px\" \/><\/a><a href=\"https:\/\/santemc.quebec\/santemc\/icentre\/wp-content\/uploads\/2020\/02\/capture_Youtube_2.png\"><img decoding=\"async\" loading=\"lazy\" class=\"size-medium wp-image-185146 aligncenter\" src=\"https:\/\/santemc.quebec\/santemc\/icentre\/wp-content\/uploads\/2020\/02\/capture_Youtube_2-300x126.png\" alt=\"\" width=\"300\" height=\"126\" srcset=\"https:\/\/santemc.quebec\/santemc\/icentre\/wp-content\/uploads\/2020\/02\/capture_Youtube_2-300x126.png 300w, https:\/\/santemc.quebec\/santemc\/icentre\/wp-content\/uploads\/2020\/02\/capture_Youtube_2-500x210.png 500w, https:\/\/santemc.quebec\/santemc\/icentre\/wp-content\/uploads\/2020\/02\/capture_Youtube_2.png 732w\" sizes=\"(max-width: 300px) 100vw, 300px\" \/><\/a><\/p>\n<p>&nbsp;<\/p>\n<p><strong>Vox Pop \u2013 recrutement dans les blocs op\u00e9ratoires<br \/>\n<\/strong>Une courte vid\u00e9o de type t\u00e9moignage a \u00e9t\u00e9 lanc\u00e9e sur les m\u00e9dias sociaux en janvier afin de mettre en valeur le bloc op\u00e9ratoire comme secteur de choix. La vid\u00e9o met en vedette un infirmier et une infirmi\u00e8re travaillant dans nos deux h\u00f4pitaux qui expliquent simplement pourquoi ils aiment travailler au bloc op\u00e9ratoire et ce qu\u2019ils trouvent de stimulant. Merci \u00e0 Sandra Gaudet et \u00e0 Philippe T\u00e9treault de s\u2019\u00eatre pr\u00eat\u00e9s au jeu!<\/p>\n<p>Vous pouvez visionner et partager la vid\u00e9o \u00e0 partir de la <a href=\"https:\/\/www.facebook.com\/cisssmc\/videos\/170757767570513\/\" target=\"_blank\" rel=\"noopener noreferrer\">page Facebook du CISSSMC<\/a>.<\/p>\n<p><a href=\"https:\/\/santemc.quebec\/santemc\/icentre\/wp-content\/uploads\/2020\/02\/video_bloc_operatoire.png\"><img decoding=\"async\" loading=\"lazy\" class=\"size-medium wp-image-185147 aligncenter\" src=\"https:\/\/santemc.quebec\/santemc\/icentre\/wp-content\/uploads\/2020\/02\/video_bloc_operatoire-300x131.png\" alt=\"\" width=\"300\" height=\"131\" srcset=\"https:\/\/santemc.quebec\/santemc\/icentre\/wp-content\/uploads\/2020\/02\/video_bloc_operatoire-300x131.png 300w, https:\/\/santemc.quebec\/santemc\/icentre\/wp-content\/uploads\/2020\/02\/video_bloc_operatoire-768x336.png 768w, https:\/\/santemc.quebec\/santemc\/icentre\/wp-content\/uploads\/2020\/02\/video_bloc_operatoire-1024x448.png 1024w, https:\/\/santemc.quebec\/santemc\/icentre\/wp-content\/uploads\/2020\/02\/video_bloc_operatoire-500x219.png 500w, https:\/\/santemc.quebec\/santemc\/icentre\/wp-content\/uploads\/2020\/02\/video_bloc_operatoire.png 1239w\" sizes=\"(max-width: 300px) 100vw, 300px\" \/><\/a><\/p>\n<p>&nbsp;<\/p>\n","protected":false},"excerpt":{"rendered":"<p>En cette p\u00e9riode de recrutement intensif, voici d\u2019autres moyens d\u00e9ploy\u00e9s r\u00e9cemment pour attirer de nouveaux talents. Au menu : affichage, vid\u00e9o et vox pop!<\/p>\n","protected":false},"author":9,"featured_media":0,"comment_status":"open","ping_status":"closed","sticky":false,"template":"","format":"standard","meta":{"footnotes":""},"categories":[1],"tags":[],"_links":{"self":[{"href":"https:\/\/santemc.quebec\/icentre\/wp-json\/wp\/v2\/posts\/185143"}],"collection":[{"href":"https:\/\/santemc.quebec\/icentre\/wp-json\/wp\/v2\/posts"}],"about":[{"href":"https:\/\/santemc.quebec\/icentre\/wp-json\/wp\/v2\/types\/post"}],"author":[{"embeddable":true,"href":"https:\/\/santemc.quebec\/icentre\/wp-json\/wp\/v2\/users\/9"}],"replies":[{"embeddable":true,"href":"https:\/\/santemc.quebec\/icentre\/wp-json\/wp\/v2\/comments?post=185143"}],"version-history":[{"count":3,"href":"https:\/\/santemc.quebec\/icentre\/wp-json\/wp\/v2\/posts\/185143\/revisions"}],"predecessor-version":[{"id":185150,"href":"https:\/\/santemc.quebec\/icentre\/wp-json\/wp\/v2\/posts\/185143\/revisions\/185150"}],"wp:attachment":[{"href":"https:\/\/santemc.quebec\/icentre\/wp-json\/wp\/v2\/media?parent=185143"}],"wp:term":[{"taxonomy":"category","embeddable":true,"href":"https:\/\/santemc.quebec\/icentre\/wp-json\/wp\/v2\/categories?post=185143"},{"taxonomy":"post_tag","embeddable":true,"href":"https:\/\/santemc.quebec\/icentre\/wp-json\/wp\/v2\/tags?post=185143"}],"curies":[{"name":"wp","href":"https:\/\/api.w.org\/{rel}","templated":true}]}}