{"id":185184,"date":"2020-03-03T09:38:07","date_gmt":"2020-03-03T14:38:07","guid":{"rendered":"http:\/\/santemc.quebec\/icentre\/?p=185184"},"modified":"2020-03-03T09:42:36","modified_gmt":"2020-03-03T14:42:36","slug":"agrement-capsule-dinformation-no-1-copy-copy-copy-copy-copy-copy-copy-copy-copy-copy-copy-copy-copy-copy-copy-copy-copy-copy-copy-copy-copy-copy-copy-copy-copy-copy-copy-copy","status":"publish","type":"post","link":"https:\/\/santemc.quebec\/icentre\/agrement-capsule-dinformation-no-1-copy-copy-copy-copy-copy-copy-copy-copy-copy-copy-copy-copy-copy-copy-copy-copy-copy-copy-copy-copy-copy-copy-copy-copy-copy-copy-copy-copy\/","title":{"rendered":"Agr\u00e9ment : capsule d&rsquo;information no 4"},"content":{"rendered":"<p><strong><span style=\"color: #e7242a;\"><a href=\"http:\/\/santemc.quebec\/santemc\/icentre\/wp-content\/uploads\/2019\/05\/agrement.png\"><img decoding=\"async\" loading=\"lazy\" class=\" wp-image-10364 alignleft\" src=\"http:\/\/santemc.quebec\/santemc\/icentre\/wp-content\/uploads\/2019\/05\/agrement.png\" alt=\"\" width=\"186\" height=\"188\" \/><\/a><\/span><\/strong><\/p>\n<p><strong>Dans le cadre de la deuxi\u00e8me phase du processus d&rsquo;agr\u00e9ment, nous republions, \u00e0 l&rsquo;intention des secteurs qui seront visit\u00e9s, les capsules d&rsquo;information.<\/strong><\/p>\n<p><strong><span style=\"color: #e7242a;\">Sujet : <b>Qu\u2019est-ce que la pr\u00e9vention des chutes et la r\u00e9duction des<br \/>\nblessures?<\/b><b><br \/>\n<\/b><\/span><\/strong><\/p>\n<p><strong><span style=\"color: #e7242a;\"><b><\/b>Public vis\u00e9 : Tous les employ\u00e9s, m\u00e9decins, gestionnaires et b\u00e9n\u00e9voles<\/span><\/strong><\/p>\n<p><strong><span style=\"color: #e7242a;\">\u00c0 retenir :<\/span><\/strong><\/p>\n<p><b>La pr\u00e9vention des chutes et la r\u00e9duction des blessures passent par : <\/b><\/p>\n<ul>\n<li><b>le d\u00e9pistage <\/b><b>du risque de chute et l\u2019\u00e9valuation des\u00a0 facteurs de <\/b><b>risque; <\/b><\/li>\n<li><b>la <\/b><b>mise en place d\u2019une approche de r\u00e9duction de risque incluant plusieurs types d\u2019interventions (primaires, secondaires et tertiaires<\/b><b>); <\/b><\/li>\n<li><b>la <\/b><b>d\u00e9claration des chutes et des quasi-chutes des usagers au moyen de rapport d\u2019incident\/accident <\/b><b>AH-223-1.<\/b><\/li>\n<\/ul>\n<p><!--more--><\/p>\n<p><strong><span style=\"color: #e7242a;\">D\u00e9finition<\/span><\/strong><\/p>\n<p><b>Qu\u2019est-ce <\/b><b>que la pr\u00e9vention des chutes?<br \/>\n<\/b><b><i>La contribution de tous est essentielle \u00e0 la pr\u00e9vention des chutes<\/i><\/b><i>. C\u2019est une priorit\u00e9 en mati\u00e8re de s\u00e9curit\u00e9 visant le maintien de l\u2019autonomie de nos usagers. Dans notre CISSS, 32,3 % de tous les incidents et accidents d\u00e9clar\u00e9s sont reli\u00e9s aux chutes et quasi-chutes, ce qui constitue la principale source d\u2019\u00e9v\u00e9nements signal\u00e9s. De plus, environ 30 % des a\u00een\u00e9s chutent chaque ann\u00e9e, entra\u00eenant des cons\u00e9quences physiques et psychologiques d\u00e9vastatrices, comme une r\u00e9duction de la mobilit\u00e9, de la douleur chronique, une perte d\u2019autonomie, une diminution de la qualit\u00e9 de vie et m\u00eame la mort.<\/i><\/p>\n<p><strong><span style=\"color: #e7242a;\">Concr\u00e8tement<br \/>\n<\/span><\/strong><strong><span style=\"color: #e7242a;\"><b>Les <\/b><b>diff\u00e9rents types d\u2019intervention en pr\u00e9vention des chutes :<\/b><\/span><\/strong><\/p>\n<ol>\n<li><b>Primaires <\/b><b>ou universelles <\/b><b>(SAFE) : <\/b>visent la s\u00e9curisation de l\u2019environnement (p. ex. : aires de d\u00e9placements d\u00e9gag\u00e9es,\u00a0 \u00e9quipements s\u00e9curitaires, chaussures adapt\u00e9es, etc.). Une formation \u00e0 ce sujet est actuellement disponible sur l\u2019ENA.<\/li>\n<li><b>Secondaires <\/b><b>ou personnalis\u00e9es : <\/b>visent l\u2019adoption et le maintien d\u2019attitudes et de comportements favorables \u00e0 la sant\u00e9 et \u00e0 la s\u00e9curit\u00e9. Ils sont reli\u00e9s aux facteurs de risque identifi\u00e9s chez l\u2019usager (p. ex. : \u00e9valuation et ajustement de la m\u00e9dication, examen de la vue, exercice de force et d\u2019\u00e9quilibre, etc.).<\/li>\n<li><b>Tertiaires <\/b><b>:<\/b> sont des interventions curatives, r\u00e9alis\u00e9es apr\u00e8s la survenue d\u2019une chute.<\/li>\n<\/ol>\n<p>Le <b>comit\u00e9 de pr\u00e9vention des mesures de contr\u00f4le et des chutes <\/b>joue, entre autres, un r\u00f4le d\u2019expert et de vigie concernant la pr\u00e9vention des chutes au sein de l\u2019\u00e9tablissement.<\/p>\n<p><strong><span style=\"color: #e7242a;\">O\u00f9 trouver la documentation?<br \/>\n<\/span><\/strong><\/p>\n<p><b>Plusieurs documents en lien avec la pr\u00e9vention des chutes sont disponibles sur le G:\\ et dans l\u2019intranet : <\/b><\/p>\n<ul>\n<li>L\u2019outil d\u2019\u00e9valuation du risque de chute et le formulaire de surveillance post-chute<\/li>\n<li>Le programme de pr\u00e9vention de chute des deux RLS. <em>Une harmonisation de ce document est en cours.<\/em><\/li>\n<li>D\u00e9pliants destin\u00e9s aux usagers.<\/li>\n<\/ul>\n<p><a href=\"https:\/\/santemc.quebec\/santemc\/icentre\/wp-content\/uploads\/2020\/03\/No04_20200303_PreventionChutesReductionBlessures.pdf\" target=\"_blank\" rel=\"noopener noreferrer\">Version PDF pour impression et pour affichage dans vos secteurs<\/a><\/p>\n<p>&nbsp;<\/p>\n<p>&nbsp;<\/p>\n","protected":false},"excerpt":{"rendered":"<p>Dans le cadre de la deuxi\u00e8me phase du processus d&rsquo;agr\u00e9ment, nous republions, \u00e0 l&rsquo;intention des secteurs qui seront visit\u00e9s, les capsules d&rsquo;information. Sujet : Qu\u2019est-ce que la pr\u00e9vention des chutes et la r\u00e9duction des blessures? Public vis\u00e9 : Tous les &hellip; <a href=\"https:\/\/santemc.quebec\/icentre\/agrement-capsule-dinformation-no-1-copy-copy-copy-copy-copy-copy-copy-copy-copy-copy-copy-copy-copy-copy-copy-copy-copy-copy-copy-copy-copy-copy-copy-copy-copy-copy-copy-copy\/\">Continuer la lecture <span class=\"meta-nav\">&rarr;<\/span><\/a><\/p>\n","protected":false},"author":9,"featured_media":0,"comment_status":"open","ping_status":"closed","sticky":false,"template":"","format":"standard","meta":{"footnotes":""},"categories":[1],"tags":[],"_links":{"self":[{"href":"https:\/\/santemc.quebec\/icentre\/wp-json\/wp\/v2\/posts\/185184"}],"collection":[{"href":"https:\/\/santemc.quebec\/icentre\/wp-json\/wp\/v2\/posts"}],"about":[{"href":"https:\/\/santemc.quebec\/icentre\/wp-json\/wp\/v2\/types\/post"}],"author":[{"embeddable":true,"href":"https:\/\/santemc.quebec\/icentre\/wp-json\/wp\/v2\/users\/9"}],"replies":[{"embeddable":true,"href":"https:\/\/santemc.quebec\/icentre\/wp-json\/wp\/v2\/comments?post=185184"}],"version-history":[{"count":4,"href":"https:\/\/santemc.quebec\/icentre\/wp-json\/wp\/v2\/posts\/185184\/revisions"}],"predecessor-version":[{"id":185189,"href":"https:\/\/santemc.quebec\/icentre\/wp-json\/wp\/v2\/posts\/185184\/revisions\/185189"}],"wp:attachment":[{"href":"https:\/\/santemc.quebec\/icentre\/wp-json\/wp\/v2\/media?parent=185184"}],"wp:term":[{"taxonomy":"category","embeddable":true,"href":"https:\/\/santemc.quebec\/icentre\/wp-json\/wp\/v2\/categories?post=185184"},{"taxonomy":"post_tag","embeddable":true,"href":"https:\/\/santemc.quebec\/icentre\/wp-json\/wp\/v2\/tags?post=185184"}],"curies":[{"name":"wp","href":"https:\/\/api.w.org\/{rel}","templated":true}]}}