{"id":185196,"date":"2020-03-03T12:02:26","date_gmt":"2020-03-03T17:02:26","guid":{"rendered":"http:\/\/santemc.quebec\/icentre\/?p=185196"},"modified":"2020-03-03T16:34:09","modified_gmt":"2020-03-03T21:34:09","slug":"retour-sur-la-soiree-daccueil-en-soins-infirmiers","status":"publish","type":"post","link":"https:\/\/santemc.quebec\/icentre\/retour-sur-la-soiree-daccueil-en-soins-infirmiers\/","title":{"rendered":"Retour sur la Soir\u00e9e d\u2019accueil en soins infirmiers"},"content":{"rendered":"<p>Le 26 f\u00e9vrier dernier avait lieu la Soir\u00e9e d\u2019accueil en soins infirmiers du CISSS de la Mont\u00e9r\u00e9gie-Centre organis\u00e9e par la Direction des ressources humaines, des communications et des affaires juridiques (DRHCAJ) et la Direction des soins infirmiers (DSI).<\/p>\n<p><!--more--><\/p>\n<p>L\u2019objectif de la soir\u00e9e \u00e9tait d\u2019accueillir chez nous, au CISSS de la Mont\u00e9r\u00e9gie-Centre, les CEPIS, externes et PAB \u00e9tudiants infirmiers lors d\u2019une soir\u00e9e exclusive et de leur offrir la possibilit\u00e9 de rencontrer les \u00e9quipes de soins. De plus, ils ont pu en conna\u00eetre davantage sur les diff\u00e9rentes possibilit\u00e9s de cheminement de carri\u00e8re au sein de notre \u00e9tablissement.<\/p>\n<p>Plus de 100 \u00e9tudiants ont particip\u00e9 \u00e0 l\u2019\u00e9v\u00e9nement et 25 entrevues ont \u00e9t\u00e9 effectu\u00e9es par le service de Dotation externe en collaboration avec les gestionnaires cliniques.<\/p>\n<p>D\u2019ailleurs, nous avons profit\u00e9 de l\u2019occasion pour informer que les CEPIS pourront, \u00e0 partir de maintenant, appliquer sur des postes! Cette nouvelle fut positivement re\u00e7ue par les \u00e9tudiants ainsi que par les diff\u00e9rentes \u00e9quipes de soins.<\/p>\n<p>Finalement, trois participants chanceux ont pu repartir avec un prix de pr\u00e9sence.<\/p>\n<p>Merci aux repr\u00e9sentants de la DRHCAJ, de la DSI et des gestionnaires d\u2019avoir fait de cette soir\u00e9e un r\u00e9el succ\u00e8s! On se dit \u00e0 tr\u00e8s bient\u00f4t!<\/p>\n<p>[huge_it_slider id=\u00a0\u00bb3&Prime;]<\/p>\n","protected":false},"excerpt":{"rendered":"<p>Le 26 f\u00e9vrier dernier avait lieu la Soir\u00e9e d\u2019accueil en soins infirmiers du CISSS de la Mont\u00e9r\u00e9gie-Centre organis\u00e9e par la Direction des ressources humaines, des communications et des affaires juridiques (DRHCAJ) et la Direction des soins infirmiers (DSI).<\/p>\n","protected":false},"author":1,"featured_media":0,"comment_status":"open","ping_status":"closed","sticky":false,"template":"","format":"standard","meta":{"footnotes":""},"categories":[1],"tags":[],"_links":{"self":[{"href":"https:\/\/santemc.quebec\/icentre\/wp-json\/wp\/v2\/posts\/185196"}],"collection":[{"href":"https:\/\/santemc.quebec\/icentre\/wp-json\/wp\/v2\/posts"}],"about":[{"href":"https:\/\/santemc.quebec\/icentre\/wp-json\/wp\/v2\/types\/post"}],"author":[{"embeddable":true,"href":"https:\/\/santemc.quebec\/icentre\/wp-json\/wp\/v2\/users\/1"}],"replies":[{"embeddable":true,"href":"https:\/\/santemc.quebec\/icentre\/wp-json\/wp\/v2\/comments?post=185196"}],"version-history":[{"count":7,"href":"https:\/\/santemc.quebec\/icentre\/wp-json\/wp\/v2\/posts\/185196\/revisions"}],"predecessor-version":[{"id":185239,"href":"https:\/\/santemc.quebec\/icentre\/wp-json\/wp\/v2\/posts\/185196\/revisions\/185239"}],"wp:attachment":[{"href":"https:\/\/santemc.quebec\/icentre\/wp-json\/wp\/v2\/media?parent=185196"}],"wp:term":[{"taxonomy":"category","embeddable":true,"href":"https:\/\/santemc.quebec\/icentre\/wp-json\/wp\/v2\/categories?post=185196"},{"taxonomy":"post_tag","embeddable":true,"href":"https:\/\/santemc.quebec\/icentre\/wp-json\/wp\/v2\/tags?post=185196"}],"curies":[{"name":"wp","href":"https:\/\/api.w.org\/{rel}","templated":true}]}}