{"id":185241,"date":"2020-03-05T14:40:00","date_gmt":"2020-03-05T19:40:00","guid":{"rendered":"http:\/\/santemc.quebec\/icentre\/?p=185241"},"modified":"2020-03-05T15:38:47","modified_gmt":"2020-03-05T20:38:47","slug":"la-boutique-ephemere-part-en-tournee","status":"publish","type":"post","link":"https:\/\/santemc.quebec\/icentre\/la-boutique-ephemere-part-en-tournee\/","title":{"rendered":"La boutique \u00e9ph\u00e9m\u00e8re part en tourn\u00e9e!"},"content":{"rendered":"<p><a href=\"https:\/\/santemc.quebec\/santemc\/icentre\/wp-content\/uploads\/2020\/03\/Visuel_boutique_tournee.jpg\"><img decoding=\"async\" loading=\"lazy\" class=\"alignleft wp-image-185251\" src=\"https:\/\/santemc.quebec\/santemc\/icentre\/wp-content\/uploads\/2020\/03\/Visuel_boutique_tournee-300x153.jpg\" alt=\"\" width=\"349\" height=\"185\" \/><\/a><\/p>\n<p>Apr\u00e8s deux \u00e9ditions \u00e0 succ\u00e8s tenues au Dix30, notre boutique \u00e9ph\u00e9m\u00e8re de recrutement est de retour ce printemps en formule \u00ab tourn\u00e9e \u00bb. Cet \u00e9v\u00e9nement-phare de notre organisation se transporte dans deux centres commerciaux de la r\u00e9gion afin de rejoindre les candidats potentiels sur l\u2019ensemble de notre territoire. Ainsi, deux petites boutiques \u00e9ph\u00e9m\u00e8res ouvriront leurs portes \u00e0 tour de r\u00f4le en mars :<\/p>\n<ul>\n<li><strong>20 au 22 mars au Mail Champlain, \u00e0 Brossard<\/strong><\/li>\n<li><strong>27 au 29 mars au Carrefour Richelieu, \u00e0 Saint-Jean-sur-Richelieu<\/strong><\/li>\n<\/ul>\n<p><!--more--><\/p>\n<p><strong>Processus d\u2019embauche simplifi\u00e9<br \/>\n<\/strong>Se d\u00e9roulant sur six jours, dans deux lieux diff\u00e9rents, cette tourn\u00e9e de recrutement convie les candidats int\u00e9ress\u00e9s \u00e0 travailler au CISSS de la Mont\u00e9r\u00e9gie-Centre \u00e0 venir passer une entrevue dans un lieu color\u00e9 et une ambiance d\u00e9contract\u00e9e.<\/p>\n<p>Gr\u00e2ce \u00e0 un processus d\u2019embauche simplifi\u00e9 d\u00e9ploy\u00e9 durant les boutiques \u00e9ph\u00e9m\u00e8res, les candidats peuvent obtenir une confirmation d\u2019embauche aussit\u00f4t leur entrevue r\u00e9ussie.<\/p>\n<p>Soulignons que toutes les cat\u00e9gories d\u2019emploi seront repr\u00e9sent\u00e9es durant la tourn\u00e9e. La prise de rendez-vous pour une entrevue se fera en ligne, sur le site Web <a href=\"http:\/\/www.nousrecrutons.ca\">www.nousrecrutons.ca<\/a>.<\/p>\n<p>Pour promouvoir la tourn\u00e9e de recrutement, une campagne de promotion sera lanc\u00e9e lundi prochain sur les m\u00e9dias sociaux. Les employ\u00e9s du CISSSMC seront de nouveau \u00e0 l\u2019honneur dans les publicit\u00e9s et les visuels cr\u00e9\u00e9s pour habiller les boutiques.<\/p>\n<p><strong>Parlez-en \u00e0 vos amis!<\/strong><br \/>\nEn tant qu\u2019employ\u00e9, gestionnaire, b\u00e9n\u00e9vole ou m\u00e9decin du CISSS de la Mont\u00e9r\u00e9gie-Centre, vous pouvez participer aux efforts de recrutement en partageant les publications et publicit\u00e9s que vous apercevrez sur les m\u00e9dias sociaux. N\u2019h\u00e9sitez pas \u00e0 faire conna\u00eetre nos boutiques \u00e9ph\u00e9m\u00e8res \u00e0 vos amis et \u00e0 vos proches. <a href=\"http:\/\/www.nousrecrutons.ca\">www.nousrecrutons.ca<\/a><br \/>\n<a href=\"http:\/\/www.facebook.com\/cisssmc\/\">www.facebook.com\/cisssmc\/<\/a><\/p>\n<p><a href=\"https:\/\/santemc.quebec\/santemc\/icentre\/wp-content\/uploads\/2020\/03\/Visuel_boutique_tournee_2.jpg\"><img decoding=\"async\" loading=\"lazy\" class=\"alignleft size-medium wp-image-185252\" src=\"https:\/\/santemc.quebec\/santemc\/icentre\/wp-content\/uploads\/2020\/03\/Visuel_boutique_tournee_2-300x158.jpg\" alt=\"\" width=\"300\" height=\"158\" srcset=\"https:\/\/santemc.quebec\/santemc\/icentre\/wp-content\/uploads\/2020\/03\/Visuel_boutique_tournee_2-300x158.jpg 300w, https:\/\/santemc.quebec\/santemc\/icentre\/wp-content\/uploads\/2020\/03\/Visuel_boutique_tournee_2-768x403.jpg 768w, https:\/\/santemc.quebec\/santemc\/icentre\/wp-content\/uploads\/2020\/03\/Visuel_boutique_tournee_2-500x263.jpg 500w, https:\/\/santemc.quebec\/santemc\/icentre\/wp-content\/uploads\/2020\/03\/Visuel_boutique_tournee_2.jpg 796w\" sizes=\"(max-width: 300px) 100vw, 300px\" \/><\/a><\/p>\n<p>&nbsp;<\/p>\n","protected":false},"excerpt":{"rendered":"<p>Apr\u00e8s deux \u00e9ditions \u00e0 succ\u00e8s tenues au Dix30, notre boutique \u00e9ph\u00e9m\u00e8re de recrutement est de retour ce printemps en formule \u00ab tourn\u00e9e \u00bb. Cet \u00e9v\u00e9nement-phare de notre organisation se transporte dans deux centres commerciaux de la r\u00e9gion afin de rejoindre &hellip; <a href=\"https:\/\/santemc.quebec\/icentre\/la-boutique-ephemere-part-en-tournee\/\">Continuer la lecture <span class=\"meta-nav\">&rarr;<\/span><\/a><\/p>\n","protected":false},"author":1,"featured_media":0,"comment_status":"open","ping_status":"closed","sticky":false,"template":"","format":"standard","meta":{"footnotes":""},"categories":[1],"tags":[],"_links":{"self":[{"href":"https:\/\/santemc.quebec\/icentre\/wp-json\/wp\/v2\/posts\/185241"}],"collection":[{"href":"https:\/\/santemc.quebec\/icentre\/wp-json\/wp\/v2\/posts"}],"about":[{"href":"https:\/\/santemc.quebec\/icentre\/wp-json\/wp\/v2\/types\/post"}],"author":[{"embeddable":true,"href":"https:\/\/santemc.quebec\/icentre\/wp-json\/wp\/v2\/users\/1"}],"replies":[{"embeddable":true,"href":"https:\/\/santemc.quebec\/icentre\/wp-json\/wp\/v2\/comments?post=185241"}],"version-history":[{"count":10,"href":"https:\/\/santemc.quebec\/icentre\/wp-json\/wp\/v2\/posts\/185241\/revisions"}],"predecessor-version":[{"id":185255,"href":"https:\/\/santemc.quebec\/icentre\/wp-json\/wp\/v2\/posts\/185241\/revisions\/185255"}],"wp:attachment":[{"href":"https:\/\/santemc.quebec\/icentre\/wp-json\/wp\/v2\/media?parent=185241"}],"wp:term":[{"taxonomy":"category","embeddable":true,"href":"https:\/\/santemc.quebec\/icentre\/wp-json\/wp\/v2\/categories?post=185241"},{"taxonomy":"post_tag","embeddable":true,"href":"https:\/\/santemc.quebec\/icentre\/wp-json\/wp\/v2\/tags?post=185241"}],"curies":[{"name":"wp","href":"https:\/\/api.w.org\/{rel}","templated":true}]}}