{"id":185259,"date":"2020-03-10T09:08:45","date_gmt":"2020-03-10T13:08:45","guid":{"rendered":"http:\/\/santemc.quebec\/icentre\/?p=185259"},"modified":"2020-03-10T09:56:49","modified_gmt":"2020-03-10T13:56:49","slug":"agrement-capsule-dinformation-no-1-copy-copy-copy-copy-copy-copy-copy-copy-copy-copy-copy-copy-copy-copy-copy-copy-copy-copy-copy-copy-copy-copy-copy-copy-copy-copy-copy-copy-copy","status":"publish","type":"post","link":"https:\/\/santemc.quebec\/icentre\/agrement-capsule-dinformation-no-1-copy-copy-copy-copy-copy-copy-copy-copy-copy-copy-copy-copy-copy-copy-copy-copy-copy-copy-copy-copy-copy-copy-copy-copy-copy-copy-copy-copy-copy\/","title":{"rendered":"Agr\u00e9ment : capsule d&rsquo;information no 5"},"content":{"rendered":"<p><strong><span style=\"color: #e7242a;\"><a href=\"http:\/\/santemc.quebec\/santemc\/icentre\/wp-content\/uploads\/2019\/05\/agrement.png\"><img decoding=\"async\" loading=\"lazy\" class=\" wp-image-10364 alignleft\" src=\"http:\/\/santemc.quebec\/santemc\/icentre\/wp-content\/uploads\/2019\/05\/agrement.png\" alt=\"\" width=\"186\" height=\"188\" \/><\/a><\/span><\/strong><\/p>\n<p><strong>Dans le cadre de la deuxi\u00e8me phase du processus d&rsquo;agr\u00e9ment, nous republions, \u00e0 l&rsquo;intention des secteurs qui seront visit\u00e9s, les capsules d&rsquo;information.<\/strong><\/p>\n<p><strong><span style=\"color: #e7242a;\">Sujet : <b>Qu\u2019est-ce que la culture de s\u00e9curit\u00e9?<\/b><b><br \/>\n<\/b><\/span><\/strong><\/p>\n<p><strong><span style=\"color: #e7242a;\"><b><\/b>Public vis\u00e9 : Tous les employ\u00e9s, m\u00e9decins, gestionnaires et b\u00e9n\u00e9voles<\/span><\/strong><\/p>\n<p><strong><span style=\"color: #e7242a;\">\u00c0 retenir :<\/span><\/strong><\/p>\n<ul>\n<li><b>Offrir <\/b><b>des soins et des services de qualit\u00e9 exige que la s\u00e9curit\u00e9 soit une pr\u00e9occupation constante.<\/b><\/li>\n<li><b>La <\/b><b>culture de s\u00e9curit\u00e9, c\u2019est la responsabilit\u00e9 de tous.<\/b><\/li>\n<li><b>La <\/b><b>culture de s\u00e9curit\u00e9 fait appel \u00e0 chacune de vos d\u00e9cisions, actions et comportements. <\/b><\/li>\n<\/ul>\n<p><!--more--><\/p>\n<p><strong><span style=\"color: #e7242a;\">D\u00e9finition<\/span><\/strong><\/p>\n<p><strong><span style=\"color: #e7242a;\">Concr\u00e8tement<br \/>\n<\/span><\/strong><strong><span style=\"color: #e7242a;\"><b>Quelles sont les actions pos\u00e9es quotidiennement en lien avec la culture de s\u00e9curit\u00e9?<\/b><\/span><\/strong><\/p>\n<ul>\n<li>Respect des politiques et des proc\u00e9dures mises en place au CISSS de la Mont\u00e9r\u00e9gie-Centre<\/li>\n<li>Respect de la confidentialit\u00e9<\/li>\n<li>Respect de l\u2019hygi\u00e8ne des mains<\/li>\n<li>Respect de la v\u00e9rification de l\u2019identification des usagers avant d&rsquo;offrir un soin ou un service (double identification des usagers)<\/li>\n<li>D\u00e9claration des \u00e9v\u00e9nements ind\u00e9sirables (incidents\/accidents)<\/li>\n<li>Divulgation faite aux usagers lors d\u2019un accident<\/li>\n<li>Identification des situations \u00e0 risque et mise en place de moyens appropri\u00e9s (p. ex. : mesures de pr\u00e9vention des chutes, outils de pr\u00e9vention de la d\u00e9tresse, identification des risques \u00e0 domicile)<\/li>\n<li>Respect du code de d\u00e9ontologie de votre ordre professionnel<\/li>\n<\/ul>\n<p><strong><span style=\"color: #e7242a;\">O\u00f9 trouver la documentation?<br \/>\n<\/span><\/strong><\/p>\n<p>Il est possible de se procurer les outils suivants aupr\u00e8s du Service des communications de la Direction des ressources humaines, des communications et des affaires juridiques<\/p>\n<ol>\n<li><b>Pochette : <\/b><b>Ma s\u00e9curit\u00e9 et ma sant\u00e9<\/b><\/li>\n<li><b>D\u00e9pliants <\/b><b>\u00e0 l\u2019intention des <\/b><b>usagers :<\/b><\/li>\n<\/ol>\n<ul>\n<li style=\"list-style-type: none;\">\n<ul>\n<li><i>Pr\u00e9vention <\/i><i>de la <\/i><i>d\u00e9tresse<\/i><\/li>\n<li><i>Pr\u00e9vention des infections <\/i><\/li>\n<li><i>Pr\u00e9vention <\/i><i>des <\/i><i>l\u00e9sions<\/i><\/li>\n<li><i>Pr\u00e9vention <\/i><i>des <\/i><i>chutes <\/i><\/li>\n<li><i>\u00c9v\u00e9nements ind\u00e9sirables <\/i><\/li>\n<li><i>Double identification <\/i><\/li>\n<li><i>P<\/i><i>r\u00e9vention <\/i><i>des risques \u00e0 <\/i><i>domicile<\/i><\/li>\n<\/ul>\n<\/li>\n<\/ul>\n<p><a href=\"https:\/\/santemc.quebec\/santemc\/icentre\/wp-content\/uploads\/2020\/03\/No05_20200310_CultureDeSecurite.pdf\" target=\"_blank\" rel=\"noopener noreferrer\">Version PDF pour impression et pour affichage dans vos secteurs<\/a><\/p>\n<p>&nbsp;<\/p>\n","protected":false},"excerpt":{"rendered":"<p>Dans le cadre de la deuxi\u00e8me phase du processus d&rsquo;agr\u00e9ment, nous republions, \u00e0 l&rsquo;intention des secteurs qui seront visit\u00e9s, les capsules d&rsquo;information. Sujet : Qu\u2019est-ce que la culture de s\u00e9curit\u00e9? Public vis\u00e9 : Tous les employ\u00e9s, m\u00e9decins, gestionnaires et b\u00e9n\u00e9voles &hellip; <a href=\"https:\/\/santemc.quebec\/icentre\/agrement-capsule-dinformation-no-1-copy-copy-copy-copy-copy-copy-copy-copy-copy-copy-copy-copy-copy-copy-copy-copy-copy-copy-copy-copy-copy-copy-copy-copy-copy-copy-copy-copy-copy\/\">Continuer la lecture <span class=\"meta-nav\">&rarr;<\/span><\/a><\/p>\n","protected":false},"author":9,"featured_media":0,"comment_status":"open","ping_status":"closed","sticky":false,"template":"","format":"standard","meta":{"footnotes":""},"categories":[1],"tags":[],"_links":{"self":[{"href":"https:\/\/santemc.quebec\/icentre\/wp-json\/wp\/v2\/posts\/185259"}],"collection":[{"href":"https:\/\/santemc.quebec\/icentre\/wp-json\/wp\/v2\/posts"}],"about":[{"href":"https:\/\/santemc.quebec\/icentre\/wp-json\/wp\/v2\/types\/post"}],"author":[{"embeddable":true,"href":"https:\/\/santemc.quebec\/icentre\/wp-json\/wp\/v2\/users\/9"}],"replies":[{"embeddable":true,"href":"https:\/\/santemc.quebec\/icentre\/wp-json\/wp\/v2\/comments?post=185259"}],"version-history":[{"count":2,"href":"https:\/\/santemc.quebec\/icentre\/wp-json\/wp\/v2\/posts\/185259\/revisions"}],"predecessor-version":[{"id":185262,"href":"https:\/\/santemc.quebec\/icentre\/wp-json\/wp\/v2\/posts\/185259\/revisions\/185262"}],"wp:attachment":[{"href":"https:\/\/santemc.quebec\/icentre\/wp-json\/wp\/v2\/media?parent=185259"}],"wp:term":[{"taxonomy":"category","embeddable":true,"href":"https:\/\/santemc.quebec\/icentre\/wp-json\/wp\/v2\/categories?post=185259"},{"taxonomy":"post_tag","embeddable":true,"href":"https:\/\/santemc.quebec\/icentre\/wp-json\/wp\/v2\/tags?post=185259"}],"curies":[{"name":"wp","href":"https:\/\/api.w.org\/{rel}","templated":true}]}}