{"id":185288,"date":"2020-03-10T09:54:02","date_gmt":"2020-03-10T13:54:02","guid":{"rendered":"http:\/\/santemc.quebec\/icentre\/?p=185288"},"modified":"2020-03-10T09:54:18","modified_gmt":"2020-03-10T13:54:18","slug":"le-bonheur-de-benevoler-conference-gratuite","status":"publish","type":"post","link":"https:\/\/santemc.quebec\/icentre\/le-bonheur-de-benevoler-conference-gratuite\/","title":{"rendered":"Le bonheur de b\u00e9n\u00e9voler : conf\u00e9rence gratuite"},"content":{"rendered":"<p><a href=\"https:\/\/santemc.quebec\/santemc\/icentre\/wp-content\/uploads\/2020\/03\/conferenceCU_mars2020.jpg\"><img decoding=\"async\" loading=\"lazy\" class=\"size-medium wp-image-185290 alignleft\" src=\"https:\/\/santemc.quebec\/santemc\/icentre\/wp-content\/uploads\/2020\/03\/conferenceCU_mars2020-232x300.jpg\" alt=\"\" width=\"232\" height=\"300\" srcset=\"https:\/\/santemc.quebec\/santemc\/icentre\/wp-content\/uploads\/2020\/03\/conferenceCU_mars2020-232x300.jpg 232w, https:\/\/santemc.quebec\/santemc\/icentre\/wp-content\/uploads\/2020\/03\/conferenceCU_mars2020-768x994.jpg 768w, https:\/\/santemc.quebec\/santemc\/icentre\/wp-content\/uploads\/2020\/03\/conferenceCU_mars2020-791x1024.jpg 791w, https:\/\/santemc.quebec\/santemc\/icentre\/wp-content\/uploads\/2020\/03\/conferenceCU_mars2020.jpg 1275w\" sizes=\"(max-width: 232px) 100vw, 232px\" \/><\/a>Les membres du comit\u00e9 des usagers de Champlain\u2013Charles-Le Moyne sont fiers de vous inviter \u00e0 assister \u00e0 une conf\u00e9rence gratuite. Anim\u00e9e par Jean-Marie Lapointe et intitul\u00e9e <em>Le bonheur de b\u00e9n\u00e9voler<\/em>, cette conf\u00e9rence aura lieu le 12 mars, \u00e0 13 h 30, au Centre communautaire La R\u00e9surrection de Brossard.<\/p>\n<p>Pri\u00e8re de r\u00e9server votre place en t\u00e9l\u00e9phonant au 450\u00a0466-5000, poste 3040.<\/p>\n<p>Saisissez cette occasion!<\/p>\n<p><!--more--><\/p>\n","protected":false},"excerpt":{"rendered":"<p>Les membres du comit\u00e9 des usagers de Champlain\u2013Charles-Le Moyne sont fiers de vous inviter \u00e0 assister \u00e0 une conf\u00e9rence gratuite. Anim\u00e9e par Jean-Marie Lapointe et intitul\u00e9e Le bonheur de b\u00e9n\u00e9voler, cette conf\u00e9rence aura lieu le 12 mars, \u00e0 13 h &hellip; <a href=\"https:\/\/santemc.quebec\/icentre\/le-bonheur-de-benevoler-conference-gratuite\/\">Continuer la lecture <span class=\"meta-nav\">&rarr;<\/span><\/a><\/p>\n","protected":false},"author":9,"featured_media":0,"comment_status":"open","ping_status":"closed","sticky":false,"template":"","format":"standard","meta":{"footnotes":""},"categories":[1],"tags":[],"_links":{"self":[{"href":"https:\/\/santemc.quebec\/icentre\/wp-json\/wp\/v2\/posts\/185288"}],"collection":[{"href":"https:\/\/santemc.quebec\/icentre\/wp-json\/wp\/v2\/posts"}],"about":[{"href":"https:\/\/santemc.quebec\/icentre\/wp-json\/wp\/v2\/types\/post"}],"author":[{"embeddable":true,"href":"https:\/\/santemc.quebec\/icentre\/wp-json\/wp\/v2\/users\/9"}],"replies":[{"embeddable":true,"href":"https:\/\/santemc.quebec\/icentre\/wp-json\/wp\/v2\/comments?post=185288"}],"version-history":[{"count":2,"href":"https:\/\/santemc.quebec\/icentre\/wp-json\/wp\/v2\/posts\/185288\/revisions"}],"predecessor-version":[{"id":185292,"href":"https:\/\/santemc.quebec\/icentre\/wp-json\/wp\/v2\/posts\/185288\/revisions\/185292"}],"wp:attachment":[{"href":"https:\/\/santemc.quebec\/icentre\/wp-json\/wp\/v2\/media?parent=185288"}],"wp:term":[{"taxonomy":"category","embeddable":true,"href":"https:\/\/santemc.quebec\/icentre\/wp-json\/wp\/v2\/categories?post=185288"},{"taxonomy":"post_tag","embeddable":true,"href":"https:\/\/santemc.quebec\/icentre\/wp-json\/wp\/v2\/tags?post=185288"}],"curies":[{"name":"wp","href":"https:\/\/api.w.org\/{rel}","templated":true}]}}