{"id":185296,"date":"2020-03-10T12:03:39","date_gmt":"2020-03-10T16:03:39","guid":{"rendered":"http:\/\/santemc.quebec\/icentre\/?p=185296"},"modified":"2020-03-10T12:04:49","modified_gmt":"2020-03-10T16:04:49","slug":"un-don-de-50-000-pour-lancer-le-nouveau-projet-aire-ouverte-en-monteregie","status":"publish","type":"post","link":"https:\/\/santemc.quebec\/icentre\/un-don-de-50-000-pour-lancer-le-nouveau-projet-aire-ouverte-en-monteregie\/","title":{"rendered":"Un don de 50 000 $ pour lancer le nouveau projet Aire ouverte en Mont\u00e9r\u00e9gie"},"content":{"rendered":"<div id=\"attachment_185299\" style=\"width: 310px\" class=\"wp-caption alignleft\"><a href=\"https:\/\/santemc.quebec\/santemc\/icentre\/wp-content\/uploads\/2020\/03\/aire_ouverte_1.jpg\"><img aria-describedby=\"caption-attachment-185299\" decoding=\"async\" loading=\"lazy\" class=\"size-medium wp-image-185299\" src=\"https:\/\/santemc.quebec\/santemc\/icentre\/wp-content\/uploads\/2020\/03\/aire_ouverte_1-300x225.jpg\" alt=\"\" width=\"300\" height=\"225\" srcset=\"https:\/\/santemc.quebec\/santemc\/icentre\/wp-content\/uploads\/2020\/03\/aire_ouverte_1-300x225.jpg 300w, https:\/\/santemc.quebec\/santemc\/icentre\/wp-content\/uploads\/2020\/03\/aire_ouverte_1-768x576.jpg 768w, https:\/\/santemc.quebec\/santemc\/icentre\/wp-content\/uploads\/2020\/03\/aire_ouverte_1-1024x768.jpg 1024w, https:\/\/santemc.quebec\/santemc\/icentre\/wp-content\/uploads\/2020\/03\/aire_ouverte_1-400x300.jpg 400w, https:\/\/santemc.quebec\/santemc\/icentre\/wp-content\/uploads\/2020\/03\/aire_ouverte_1.jpg 1280w\" sizes=\"(max-width: 300px) 100vw, 300px\" \/><\/a><p id=\"caption-attachment-185299\" class=\"wp-caption-text\">Nathalie Boudreault, directrice g\u00e9n\u00e9rale, Fondation H\u00f4pital Charles-LeMoyne; Caroline Benoit, directrice adjointe du\u00a0 programme jeunesse; Emmanuelle S\u00e9guin, coordonnatrice jeunesse, Direction du programme jeunesse; Karine Moses, pr\u00e9sidente, Bell M\u00e9dia Qu\u00e9bec; Mirko Bibic, pr\u00e9sident et chef de direction, Bell Canada<\/p><\/div>\n<p>L\u2019\u00e9tablissement a re\u00e7u un don de 50\u00a0000 $ de la part de Bell en lien avec son initiative Bell Cause pour la cause pour aider au d\u00e9ploiement sur notre territoire du projet Aire ouverte, un nouveau r\u00e9seau de services int\u00e9gr\u00e9s pour les 12 \u00e0 25 ans.<\/p>\n<p><!--more--><\/p>\n<p>Ce montant s\u2019ajoutera aux 1,9 M$ octroy\u00e9s par le minist\u00e8re de la Sant\u00e9 et des Services sociaux pour r\u00e9aliser le projet. En tout, deux Aires ouvertes distinctes seront d\u00e9ploy\u00e9es sur notre territoire, soit une pour le territoire du RLS du Haut-Richelieu\u2013Rouville et une pour le RLS de Champlain.<\/p>\n<div id=\"attachment_185297\" style=\"width: 160px\" class=\"wp-caption alignright\"><a href=\"https:\/\/santemc.quebec\/santemc\/icentre\/wp-content\/uploads\/2020\/03\/Francois-Legault.jpg\"><img aria-describedby=\"caption-attachment-185297\" decoding=\"async\" loading=\"lazy\" class=\"wp-image-185297 size-thumbnail\" src=\"https:\/\/santemc.quebec\/santemc\/icentre\/wp-content\/uploads\/2020\/03\/Francois-Legault-150x150.jpg\" alt=\"\" width=\"150\" height=\"150\" \/><\/a><p id=\"caption-attachment-185297\" class=\"wp-caption-text\">Le premier ministre Fran\u00e7ois Legault<\/p><\/div>\n<p>L\u2019annonce a eu lieu hier matin \u00e0 Montr\u00e9al en pr\u00e9sence du premier ministre Fran\u00e7ois Legault, du ministre d\u00e9l\u00e9gu\u00e9 \u00e0 la Sant\u00e9 et aux Services sociaux, Lionel Carmant, et de repr\u00e9sentants de Bell et du CISSSMC.<\/p>\n<p>Le projet Aire ouverte vise \u00e0 bonifier l\u2019acc\u00e8s \u00e0 divers services en continu pour les jeunes tout en favorisant le passage \u00e0 la vie adulte. Il permettra, \u00e0 terme, de joindre les jeunes dans leur communaut\u00e9 et de mieux identifier leurs besoins physiques et psychosociaux afin d&rsquo;y r\u00e9pondre ad\u00e9quatement.<\/p>\n<div id=\"attachment_185298\" style=\"width: 160px\" class=\"wp-caption alignleft\"><a href=\"https:\/\/santemc.quebec\/santemc\/icentre\/wp-content\/uploads\/2020\/03\/Lionel-Carmant.jpg\"><img aria-describedby=\"caption-attachment-185298\" decoding=\"async\" loading=\"lazy\" class=\"wp-image-185298 size-thumbnail\" src=\"https:\/\/santemc.quebec\/santemc\/icentre\/wp-content\/uploads\/2020\/03\/Lionel-Carmant-150x150.jpg\" alt=\"\" width=\"150\" height=\"150\" \/><\/a><p id=\"caption-attachment-185298\" class=\"wp-caption-text\">Lionel Carmant, ministre d\u00e9l\u00e9gu\u00e9 \u00e0 la Sant\u00e9 et aux Services sociaux<\/p><\/div>\n<p>Le concept d\u2019Aire ouverte est de joindre la client\u00e8le dans des lieux con\u00e7us <em>par <\/em>et <em>pour <\/em>elle. En effet, la participation des jeunes est importante dans toutes les \u00e9tapes du processus de d\u00e9veloppement d\u2019un point de services d\u2019Aire ouverte. C\u2019est pourquoi un comit\u00e9 de jeunes sera cr\u00e9\u00e9 pour chaque RLS et plac\u00e9 au centre des d\u00e9cisions pour participer activement \u00e0 la d\u00e9finition des services \u00e0 offrir.<\/p>\n<p>Actuellement, un ensemble de partenaires se r\u00e9unissent pour d\u00e9terminer l\u2019offre de service \u00e0 venir, soit des services ax\u00e9s sur la pr\u00e9vention, l\u2019intervention pr\u00e9coce et le soutien \u00e0 l\u2019adaptation sociale. Ces services touchent \u00e9galement la sant\u00e9 sexuelle, les services sp\u00e9cifiques et sp\u00e9cialis\u00e9s en sant\u00e9 mentale et en d\u00e9pendance ainsi que les services aux jeunes en difficult\u00e9s.<\/p>\n<p>Trois projets semblables ont \u00e9t\u00e9 lanc\u00e9s l\u2019an dernier ailleurs dans la province par le CIUSSS du Nord-de-l\u2019\u00cele-de-Montr\u00e9al (Aire ouverte Sauriol), le CISSS de la C\u00f4te-Nord, (Aire ouverte Sept-\u00celes) et le CISSS de Laval (Aire ouverte Laval).<\/p>\n","protected":false},"excerpt":{"rendered":"<p>L\u2019\u00e9tablissement a re\u00e7u un don de 50\u00a0000 $ de la part de Bell en lien avec son initiative Bell Cause pour la cause pour aider au d\u00e9ploiement sur notre territoire du projet Aire ouverte, un nouveau r\u00e9seau de services int\u00e9gr\u00e9s &hellip; <a href=\"https:\/\/santemc.quebec\/icentre\/un-don-de-50-000-pour-lancer-le-nouveau-projet-aire-ouverte-en-monteregie\/\">Continuer la lecture <span class=\"meta-nav\">&rarr;<\/span><\/a><\/p>\n","protected":false},"author":9,"featured_media":0,"comment_status":"open","ping_status":"closed","sticky":false,"template":"","format":"standard","meta":{"footnotes":""},"categories":[1],"tags":[],"_links":{"self":[{"href":"https:\/\/santemc.quebec\/icentre\/wp-json\/wp\/v2\/posts\/185296"}],"collection":[{"href":"https:\/\/santemc.quebec\/icentre\/wp-json\/wp\/v2\/posts"}],"about":[{"href":"https:\/\/santemc.quebec\/icentre\/wp-json\/wp\/v2\/types\/post"}],"author":[{"embeddable":true,"href":"https:\/\/santemc.quebec\/icentre\/wp-json\/wp\/v2\/users\/9"}],"replies":[{"embeddable":true,"href":"https:\/\/santemc.quebec\/icentre\/wp-json\/wp\/v2\/comments?post=185296"}],"version-history":[{"count":3,"href":"https:\/\/santemc.quebec\/icentre\/wp-json\/wp\/v2\/posts\/185296\/revisions"}],"predecessor-version":[{"id":185302,"href":"https:\/\/santemc.quebec\/icentre\/wp-json\/wp\/v2\/posts\/185296\/revisions\/185302"}],"wp:attachment":[{"href":"https:\/\/santemc.quebec\/icentre\/wp-json\/wp\/v2\/media?parent=185296"}],"wp:term":[{"taxonomy":"category","embeddable":true,"href":"https:\/\/santemc.quebec\/icentre\/wp-json\/wp\/v2\/categories?post=185296"},{"taxonomy":"post_tag","embeddable":true,"href":"https:\/\/santemc.quebec\/icentre\/wp-json\/wp\/v2\/tags?post=185296"}],"curies":[{"name":"wp","href":"https:\/\/api.w.org\/{rel}","templated":true}]}}