{"id":185418,"date":"2020-03-13T15:44:37","date_gmt":"2020-03-13T19:44:37","guid":{"rendered":"http:\/\/santemc.quebec\/icentre\/?p=185418"},"modified":"2020-03-13T15:55:01","modified_gmt":"2020-03-13T19:55:01","slug":"la-soiree-gastronomique-de-la-fondation-sante-est-reportee","status":"publish","type":"post","link":"https:\/\/santemc.quebec\/icentre\/la-soiree-gastronomique-de-la-fondation-sante-est-reportee\/","title":{"rendered":"La Soir\u00e9e gastronomie de la Fondation Sant\u00e9 est report\u00e9e"},"content":{"rendered":"<p>\u00c0 la suite des recommandations du gouvernement du Qu\u00e9bec annonc\u00e9es le 12 mars, tous les \u00e9v\u00e9nements int\u00e9rieurs de plus de 250 personnes doivent \u00eatre annul\u00e9s afin de r\u00e9duire le plus possible la propagation du COVID-19 (Coronavirus). Par cons\u00e9quent, l\u2019\u00e9quipe de la Fondation Sant\u00e9 reporte sa Soir\u00e9e gastronomie, pr\u00e9vue le 20 mars.<\/p>\n<p><!--more--><\/p>\n<p>Tous les billets vendus et ententes qui ont \u00e9t\u00e9 conclues pour la Soir\u00e9e gastronomie demeurent valides. La nouvelle date de la soir\u00e9e n&rsquo;a pas encore \u00e9t\u00e9 d\u00e9termin\u00e9e, mais elle sera communiqu\u00e9e d\u00e8s que possible. L\u2019\u00e9quipe de la Fondation Sant\u00e9 poursuit sa mission qui est d\u2019am\u00e9liorer l\u2019acc\u00e8s et la qualit\u00e9 des soins de sant\u00e9 pour notre communaut\u00e9.<\/p>\n<p>N\u2019h\u00e9sitez pas \u00e0 communiquer avec la Fondation Sant\u00e9 pour toute question.<\/p>\n<p>Courriel\u00a0: <a href=\"mailto:info@fondationsante.com\" target=\"_blank\" rel=\"noopener noreferrer\">info@fondationsante.com<\/a><\/p>\n<p>T\u00e9l.\u00a0:\u00a0\u00a0\u00a0 \u00a0450 359-5777<\/p>\n","protected":false},"excerpt":{"rendered":"<p>\u00c0 la suite des recommandations du gouvernement du Qu\u00e9bec annonc\u00e9es le 12 mars, tous les \u00e9v\u00e9nements int\u00e9rieurs de plus de 250 personnes doivent \u00eatre annul\u00e9s afin de r\u00e9duire le plus possible la propagation du COVID-19 (Coronavirus). Par cons\u00e9quent, l\u2019\u00e9quipe de &hellip; <a href=\"https:\/\/santemc.quebec\/icentre\/la-soiree-gastronomique-de-la-fondation-sante-est-reportee\/\">Continuer la lecture <span class=\"meta-nav\">&rarr;<\/span><\/a><\/p>\n","protected":false},"author":9,"featured_media":0,"comment_status":"open","ping_status":"closed","sticky":false,"template":"","format":"standard","meta":{"footnotes":""},"categories":[1],"tags":[],"_links":{"self":[{"href":"https:\/\/santemc.quebec\/icentre\/wp-json\/wp\/v2\/posts\/185418"}],"collection":[{"href":"https:\/\/santemc.quebec\/icentre\/wp-json\/wp\/v2\/posts"}],"about":[{"href":"https:\/\/santemc.quebec\/icentre\/wp-json\/wp\/v2\/types\/post"}],"author":[{"embeddable":true,"href":"https:\/\/santemc.quebec\/icentre\/wp-json\/wp\/v2\/users\/9"}],"replies":[{"embeddable":true,"href":"https:\/\/santemc.quebec\/icentre\/wp-json\/wp\/v2\/comments?post=185418"}],"version-history":[{"count":3,"href":"https:\/\/santemc.quebec\/icentre\/wp-json\/wp\/v2\/posts\/185418\/revisions"}],"predecessor-version":[{"id":185425,"href":"https:\/\/santemc.quebec\/icentre\/wp-json\/wp\/v2\/posts\/185418\/revisions\/185425"}],"wp:attachment":[{"href":"https:\/\/santemc.quebec\/icentre\/wp-json\/wp\/v2\/media?parent=185418"}],"wp:term":[{"taxonomy":"category","embeddable":true,"href":"https:\/\/santemc.quebec\/icentre\/wp-json\/wp\/v2\/categories?post=185418"},{"taxonomy":"post_tag","embeddable":true,"href":"https:\/\/santemc.quebec\/icentre\/wp-json\/wp\/v2\/tags?post=185418"}],"curies":[{"name":"wp","href":"https:\/\/api.w.org\/{rel}","templated":true}]}}