{"id":185561,"date":"2020-03-17T09:19:19","date_gmt":"2020-03-17T13:19:19","guid":{"rendered":"http:\/\/santemc.quebec\/icentre\/?p=185561"},"modified":"2020-03-17T09:19:19","modified_gmt":"2020-03-17T13:19:19","slug":"recrutement-les-boutiques-ephemeres-se-transforment-en-boutique-virtuelle","status":"publish","type":"post","link":"https:\/\/santemc.quebec\/icentre\/recrutement-les-boutiques-ephemeres-se-transforment-en-boutique-virtuelle\/","title":{"rendered":"Recrutement : les boutiques \u00e9ph\u00e9m\u00e8res se transforment en boutique virtuelle"},"content":{"rendered":"<p><a href=\"https:\/\/santemc.quebec\/santemc\/icentre\/wp-content\/uploads\/2020\/03\/SalleAttente_CISSS-2020.jpg\"><img decoding=\"async\" loading=\"lazy\" class=\"size-medium wp-image-185562 alignleft\" src=\"https:\/\/santemc.quebec\/santemc\/icentre\/wp-content\/uploads\/2020\/03\/SalleAttente_CISSS-2020-300x169.jpg\" alt=\"\" width=\"300\" height=\"169\" srcset=\"https:\/\/santemc.quebec\/santemc\/icentre\/wp-content\/uploads\/2020\/03\/SalleAttente_CISSS-2020-300x169.jpg 300w, https:\/\/santemc.quebec\/santemc\/icentre\/wp-content\/uploads\/2020\/03\/SalleAttente_CISSS-2020-768x434.jpg 768w, https:\/\/santemc.quebec\/santemc\/icentre\/wp-content\/uploads\/2020\/03\/SalleAttente_CISSS-2020-1024x578.jpg 1024w, https:\/\/santemc.quebec\/santemc\/icentre\/wp-content\/uploads\/2020\/03\/SalleAttente_CISSS-2020-500x282.jpg 500w, https:\/\/santemc.quebec\/santemc\/icentre\/wp-content\/uploads\/2020\/03\/SalleAttente_CISSS-2020.jpg 1280w\" sizes=\"(max-width: 300px) 100vw, 300px\" \/><\/a>Le contexte actuel li\u00e9 \u00e0 la propagation du virus COVID-19 nous am\u00e8ne \u00e0 adapter nos activit\u00e9s de recrutement, dont les boutiques \u00e9ph\u00e9m\u00e8res. La tourn\u00e9e de recrutement qui \u00e9tait pr\u00e9vue \u00e0 compter de vendredi est maintenue, mais en formule virtuelle.<\/p>\n<p><!--more--><\/p>\n<p>Ainsi, au lieu de se pr\u00e9senter en personne \u00e0 l\u2019une des boutiques initialement pr\u00e9vues, les candidats pourront effectuer leur entrevue par vid\u00e9oconf\u00e9rence, dans le confort de leur salon. Les dates et heures de la boutique virtuelle demeurent les m\u00eames que celles des deux boutiques \u00e9ph\u00e9m\u00e8res, soit les 20-21-22 mars et les 27-28-29 mars.<\/p>\n<p>Les candidats d\u00e9j\u00e0 inscrits aux boutiques seront contact\u00e9s afin de valider avec eux la possibilit\u00e9 d\u2019effectuer l\u2019entrevue par vid\u00e9oconf\u00e9rence.<\/p>\n<p>Les gens peuvent continuer \u00e0 prendre rendez-vous pour une entrevue en ligne en visitant le <a href=\"http:\/\/www.nousrecrutons.ca\" target=\"_blank\" rel=\"noopener noreferrer\">www.nousrecrutons.ca<\/a><\/p>\n","protected":false},"excerpt":{"rendered":"<p>Le contexte actuel li\u00e9 \u00e0 la propagation du virus COVID-19 nous am\u00e8ne \u00e0 adapter nos activit\u00e9s de recrutement, dont les boutiques \u00e9ph\u00e9m\u00e8res. La tourn\u00e9e de recrutement qui \u00e9tait pr\u00e9vue \u00e0 compter de vendredi est maintenue, mais en formule virtuelle.<\/p>\n","protected":false},"author":9,"featured_media":0,"comment_status":"open","ping_status":"closed","sticky":false,"template":"","format":"standard","meta":{"footnotes":""},"categories":[1],"tags":[],"_links":{"self":[{"href":"https:\/\/santemc.quebec\/icentre\/wp-json\/wp\/v2\/posts\/185561"}],"collection":[{"href":"https:\/\/santemc.quebec\/icentre\/wp-json\/wp\/v2\/posts"}],"about":[{"href":"https:\/\/santemc.quebec\/icentre\/wp-json\/wp\/v2\/types\/post"}],"author":[{"embeddable":true,"href":"https:\/\/santemc.quebec\/icentre\/wp-json\/wp\/v2\/users\/9"}],"replies":[{"embeddable":true,"href":"https:\/\/santemc.quebec\/icentre\/wp-json\/wp\/v2\/comments?post=185561"}],"version-history":[{"count":1,"href":"https:\/\/santemc.quebec\/icentre\/wp-json\/wp\/v2\/posts\/185561\/revisions"}],"predecessor-version":[{"id":185563,"href":"https:\/\/santemc.quebec\/icentre\/wp-json\/wp\/v2\/posts\/185561\/revisions\/185563"}],"wp:attachment":[{"href":"https:\/\/santemc.quebec\/icentre\/wp-json\/wp\/v2\/media?parent=185561"}],"wp:term":[{"taxonomy":"category","embeddable":true,"href":"https:\/\/santemc.quebec\/icentre\/wp-json\/wp\/v2\/categories?post=185561"},{"taxonomy":"post_tag","embeddable":true,"href":"https:\/\/santemc.quebec\/icentre\/wp-json\/wp\/v2\/tags?post=185561"}],"curies":[{"name":"wp","href":"https:\/\/api.w.org\/{rel}","templated":true}]}}