{"id":185770,"date":"2020-03-18T08:56:03","date_gmt":"2020-03-18T12:56:03","guid":{"rendered":"http:\/\/santemc.quebec\/icentre\/?p=185770"},"modified":"2020-03-18T16:57:04","modified_gmt":"2020-03-18T20:57:04","slug":"des-employes-etudiants-en-renfort","status":"publish","type":"post","link":"https:\/\/santemc.quebec\/icentre\/des-employes-etudiants-en-renfort\/","title":{"rendered":"Des employ\u00e9s \u00e9tudiants en renfort!"},"content":{"rendered":"<p class=\"x_MsoNormal\">Les c\u00e9geps et universit\u00e9s \u00e9tant ferm\u00e9s, l\u2019\u00e9quipe des activit\u00e9s de remplacement a entrepris un important blitz d\u2019appels t\u00e9l\u00e9phoniques aupr\u00e8s de nos employ\u00e9s \u00e9tudiants.\u00a0Leur objectif\u00a0: solliciter, dans le contexte actuel, de nouvelles disponibilit\u00e9s. En date du 17 mars, c\u2019\u00e9tait plus de 382 appels qui avaient \u00e9t\u00e9 effectu\u00e9s.<!--more--><\/p>\n<p class=\"x_MsoNormal\">Cette action proactive a port\u00e9 ces fruits! \u00c0 ce jour, ce sont 401 quarts de travail additionnels qui ont \u00e9t\u00e9 ajout\u00e9s, la plupart pour les deux semaines \u00e0 venir. De ce nombre, 57% l\u2019\u00e9tait par des \u00e9tudiants \u0153uvrant en soins infirmiers (infirmi\u00e8res, infirmi\u00e8res auxiliaires et CEPI).<\/p>\n<p class=\"x_MsoNormal\">Ces chiffres continueront probablement d\u2019augmenter suivant les retours d\u2019appels ou l\u2019\u00e9ventuelle prolongation de fermeture des \u00e9tablissements d\u2019enseignement.<\/p>\n<p class=\"x_MsoNormal\">Cette grande disponibilit\u00e9 de nos employ\u00e9s \u00e9tudiants traduit leur mobilisation et leur souci de participer activement \u00e0 cet effort collectif dans le cadre de la pand\u00e9mie de la COVID-19.<\/p>\n<p class=\"x_MsoNormal\">Merci \u00e0 tous ceux qui ont r\u00e9pondu \u00ab\u00a0pr\u00e9sent\u00a0\u00bb; nous sommes fiers de vous revoir dans nos rangs!<\/p>\n","protected":false},"excerpt":{"rendered":"<p>Les c\u00e9geps et universit\u00e9s \u00e9tant ferm\u00e9s, l\u2019\u00e9quipe des activit\u00e9s de remplacement a entrepris un important blitz d\u2019appels t\u00e9l\u00e9phoniques aupr\u00e8s de nos employ\u00e9s \u00e9tudiants.\u00a0Leur objectif\u00a0: solliciter, dans le contexte actuel, de nouvelles disponibilit\u00e9s. En date du 17 mars, c\u2019\u00e9tait plus de &hellip; <a href=\"https:\/\/santemc.quebec\/icentre\/des-employes-etudiants-en-renfort\/\">Continuer la lecture <span class=\"meta-nav\">&rarr;<\/span><\/a><\/p>\n","protected":false},"author":1,"featured_media":0,"comment_status":"open","ping_status":"closed","sticky":false,"template":"","format":"standard","meta":{"footnotes":""},"categories":[1],"tags":[],"_links":{"self":[{"href":"https:\/\/santemc.quebec\/icentre\/wp-json\/wp\/v2\/posts\/185770"}],"collection":[{"href":"https:\/\/santemc.quebec\/icentre\/wp-json\/wp\/v2\/posts"}],"about":[{"href":"https:\/\/santemc.quebec\/icentre\/wp-json\/wp\/v2\/types\/post"}],"author":[{"embeddable":true,"href":"https:\/\/santemc.quebec\/icentre\/wp-json\/wp\/v2\/users\/1"}],"replies":[{"embeddable":true,"href":"https:\/\/santemc.quebec\/icentre\/wp-json\/wp\/v2\/comments?post=185770"}],"version-history":[{"count":2,"href":"https:\/\/santemc.quebec\/icentre\/wp-json\/wp\/v2\/posts\/185770\/revisions"}],"predecessor-version":[{"id":185772,"href":"https:\/\/santemc.quebec\/icentre\/wp-json\/wp\/v2\/posts\/185770\/revisions\/185772"}],"wp:attachment":[{"href":"https:\/\/santemc.quebec\/icentre\/wp-json\/wp\/v2\/media?parent=185770"}],"wp:term":[{"taxonomy":"category","embeddable":true,"href":"https:\/\/santemc.quebec\/icentre\/wp-json\/wp\/v2\/categories?post=185770"},{"taxonomy":"post_tag","embeddable":true,"href":"https:\/\/santemc.quebec\/icentre\/wp-json\/wp\/v2\/tags?post=185770"}],"curies":[{"name":"wp","href":"https:\/\/api.w.org\/{rel}","templated":true}]}}