{"id":185863,"date":"2020-03-19T14:50:42","date_gmt":"2020-03-19T18:50:42","guid":{"rendered":"http:\/\/santemc.quebec\/icentre\/?p=185863"},"modified":"2020-03-19T14:50:42","modified_gmt":"2020-03-19T18:50:42","slug":"covid-19-nouvelle-fiche-dinformation-a-lintention-des-parents","status":"publish","type":"post","link":"https:\/\/santemc.quebec\/icentre\/covid-19-nouvelle-fiche-dinformation-a-lintention-des-parents\/","title":{"rendered":"COVID-19 : Nouvelle fiche d&rsquo;information \u00e0 l&rsquo;intention des parents"},"content":{"rendered":"<p>Mon enfant est inquiet en raison de la pand\u00e9mie. Comment le soutenir\u2009?<\/p>\n<p><a href=\"https:\/\/publications.msss.gouv.qc.ca\/msss\/document-002478\/\" target=\"_blank\" rel=\"noopener noreferrer\">Consultez la fiche psychosociale pr\u00e9par\u00e9e par le Minist\u00e8re de la Sant\u00e9 et de Services sociaux.<\/a><\/p>\n<p>&nbsp;<\/p>\n","protected":false},"excerpt":{"rendered":"<p>Mon enfant est inquiet en raison de la pand\u00e9mie. Comment le soutenir\u2009? Consultez la fiche psychosociale pr\u00e9par\u00e9e par le Minist\u00e8re de la Sant\u00e9 et de Services sociaux. &nbsp;<\/p>\n","protected":false},"author":1,"featured_media":0,"comment_status":"open","ping_status":"closed","sticky":false,"template":"","format":"standard","meta":{"footnotes":""},"categories":[1],"tags":[],"_links":{"self":[{"href":"https:\/\/santemc.quebec\/icentre\/wp-json\/wp\/v2\/posts\/185863"}],"collection":[{"href":"https:\/\/santemc.quebec\/icentre\/wp-json\/wp\/v2\/posts"}],"about":[{"href":"https:\/\/santemc.quebec\/icentre\/wp-json\/wp\/v2\/types\/post"}],"author":[{"embeddable":true,"href":"https:\/\/santemc.quebec\/icentre\/wp-json\/wp\/v2\/users\/1"}],"replies":[{"embeddable":true,"href":"https:\/\/santemc.quebec\/icentre\/wp-json\/wp\/v2\/comments?post=185863"}],"version-history":[{"count":1,"href":"https:\/\/santemc.quebec\/icentre\/wp-json\/wp\/v2\/posts\/185863\/revisions"}],"predecessor-version":[{"id":185864,"href":"https:\/\/santemc.quebec\/icentre\/wp-json\/wp\/v2\/posts\/185863\/revisions\/185864"}],"wp:attachment":[{"href":"https:\/\/santemc.quebec\/icentre\/wp-json\/wp\/v2\/media?parent=185863"}],"wp:term":[{"taxonomy":"category","embeddable":true,"href":"https:\/\/santemc.quebec\/icentre\/wp-json\/wp\/v2\/categories?post=185863"},{"taxonomy":"post_tag","embeddable":true,"href":"https:\/\/santemc.quebec\/icentre\/wp-json\/wp\/v2\/tags?post=185863"}],"curies":[{"name":"wp","href":"https:\/\/api.w.org\/{rel}","templated":true}]}}