{"id":185872,"date":"2020-03-19T18:35:53","date_gmt":"2020-03-19T22:35:53","guid":{"rendered":"http:\/\/santemc.quebec\/icentre\/?p=185872"},"modified":"2020-03-19T18:36:46","modified_gmt":"2020-03-19T22:36:46","slug":"i-centre-portail-de-diffusion-dinformation-pour-tous-les-membres-du-personnel-et-medecins","status":"publish","type":"post","link":"https:\/\/santemc.quebec\/icentre\/i-centre-portail-de-diffusion-dinformation-pour-tous-les-membres-du-personnel-et-medecins\/","title":{"rendered":"i-Centre : portail de diffusion d\u2019information pour tous les membres du personnel et m\u00e9decins"},"content":{"rendered":"<p>La situation particuli\u00e8re en lien avec le COVID-19 nous am\u00e8ne \u00e0 diffuser une quantit\u00e9 importante d\u2019informations destin\u00e9es \u00e0 votre intention. Afin d\u2019assurer une circulation optimale des orientations prises \u00e0 l\u2019\u00e9gard de l\u2019offre de services, des mesures de pr\u00e9vention, mais aussi en lien avec les dispositions d\u00e9ploy\u00e9es en mati\u00e8re de\u00a0 essources humaines, nous vous invitons tous \u00e0 consulter r\u00e9guli\u00e8rement le portail d\u2019information i-Centre.<\/p>\n<p><a href=\"https:\/\/santemc.quebec\/santemc\/icentre\/wp-content\/uploads\/2020\/03\/2020-03-19_NS_DiffusionInterne-Covid19_employes.pdf\" target=\"_blank\" rel=\"noopener noreferrer\">Consultez la note de service<\/a><\/p>\n","protected":false},"excerpt":{"rendered":"<p>La situation particuli\u00e8re en lien avec le COVID-19 nous am\u00e8ne \u00e0 diffuser une quantit\u00e9 importante d\u2019informations destin\u00e9es \u00e0 votre intention. Afin d\u2019assurer une circulation optimale des orientations prises \u00e0 l\u2019\u00e9gard de l\u2019offre de services, des mesures de pr\u00e9vention, mais aussi &hellip; <a href=\"https:\/\/santemc.quebec\/icentre\/i-centre-portail-de-diffusion-dinformation-pour-tous-les-membres-du-personnel-et-medecins\/\">Continuer la lecture <span class=\"meta-nav\">&rarr;<\/span><\/a><\/p>\n","protected":false},"author":1,"featured_media":0,"comment_status":"open","ping_status":"closed","sticky":false,"template":"","format":"standard","meta":{"footnotes":""},"categories":[1],"tags":[],"_links":{"self":[{"href":"https:\/\/santemc.quebec\/icentre\/wp-json\/wp\/v2\/posts\/185872"}],"collection":[{"href":"https:\/\/santemc.quebec\/icentre\/wp-json\/wp\/v2\/posts"}],"about":[{"href":"https:\/\/santemc.quebec\/icentre\/wp-json\/wp\/v2\/types\/post"}],"author":[{"embeddable":true,"href":"https:\/\/santemc.quebec\/icentre\/wp-json\/wp\/v2\/users\/1"}],"replies":[{"embeddable":true,"href":"https:\/\/santemc.quebec\/icentre\/wp-json\/wp\/v2\/comments?post=185872"}],"version-history":[{"count":1,"href":"https:\/\/santemc.quebec\/icentre\/wp-json\/wp\/v2\/posts\/185872\/revisions"}],"predecessor-version":[{"id":185874,"href":"https:\/\/santemc.quebec\/icentre\/wp-json\/wp\/v2\/posts\/185872\/revisions\/185874"}],"wp:attachment":[{"href":"https:\/\/santemc.quebec\/icentre\/wp-json\/wp\/v2\/media?parent=185872"}],"wp:term":[{"taxonomy":"category","embeddable":true,"href":"https:\/\/santemc.quebec\/icentre\/wp-json\/wp\/v2\/categories?post=185872"},{"taxonomy":"post_tag","embeddable":true,"href":"https:\/\/santemc.quebec\/icentre\/wp-json\/wp\/v2\/tags?post=185872"}],"curies":[{"name":"wp","href":"https:\/\/api.w.org\/{rel}","templated":true}]}}