{"id":185890,"date":"2020-03-19T18:33:10","date_gmt":"2020-03-19T22:33:10","guid":{"rendered":"http:\/\/santemc.quebec\/icentre\/?p=185890"},"modified":"2020-03-19T18:33:10","modified_gmt":"2020-03-19T22:33:10","slug":"covid-19-consignes-sur-linformatique-et-la-telephonie-pour-le-teletravail","status":"publish","type":"post","link":"https:\/\/santemc.quebec\/icentre\/covid-19-consignes-sur-linformatique-et-la-telephonie-pour-le-teletravail\/","title":{"rendered":"COVID-19 : Consignes sur l\u2019informatique et la t\u00e9l\u00e9phonie pour le t\u00e9l\u00e9travail"},"content":{"rendered":"<p><a href=\"https:\/\/santemc.quebec\/santemc\/icentre\/wp-content\/uploads\/2020\/03\/2020-03-19_NS_consignes-informatique-telephonie-teletravail.pdf\" target=\"_blank\" rel=\"noopener noreferrer\">Lire la note de service<\/a><br \/>\n<a href=\"https:\/\/santemc.quebec\/santemc\/icentre\/wp-content\/uploads\/2020\/03\/2020-03-19_Regles-Teletravail-V1.0.pdf\" target=\"_blank\" rel=\"noopener noreferrer\">Consultez les mesures de s\u00e9curit\u00e9 \u00e0 adopter lors du t\u00e9l\u00e9travail\u00a0<\/a><\/p>\n","protected":false},"excerpt":{"rendered":"<p>Lire la note de service Consultez les mesures de s\u00e9curit\u00e9 \u00e0 adopter lors du t\u00e9l\u00e9travail\u00a0<\/p>\n","protected":false},"author":1,"featured_media":0,"comment_status":"open","ping_status":"closed","sticky":false,"template":"","format":"standard","meta":{"footnotes":""},"categories":[1],"tags":[],"_links":{"self":[{"href":"https:\/\/santemc.quebec\/icentre\/wp-json\/wp\/v2\/posts\/185890"}],"collection":[{"href":"https:\/\/santemc.quebec\/icentre\/wp-json\/wp\/v2\/posts"}],"about":[{"href":"https:\/\/santemc.quebec\/icentre\/wp-json\/wp\/v2\/types\/post"}],"author":[{"embeddable":true,"href":"https:\/\/santemc.quebec\/icentre\/wp-json\/wp\/v2\/users\/1"}],"replies":[{"embeddable":true,"href":"https:\/\/santemc.quebec\/icentre\/wp-json\/wp\/v2\/comments?post=185890"}],"version-history":[{"count":1,"href":"https:\/\/santemc.quebec\/icentre\/wp-json\/wp\/v2\/posts\/185890\/revisions"}],"predecessor-version":[{"id":185894,"href":"https:\/\/santemc.quebec\/icentre\/wp-json\/wp\/v2\/posts\/185890\/revisions\/185894"}],"wp:attachment":[{"href":"https:\/\/santemc.quebec\/icentre\/wp-json\/wp\/v2\/media?parent=185890"}],"wp:term":[{"taxonomy":"category","embeddable":true,"href":"https:\/\/santemc.quebec\/icentre\/wp-json\/wp\/v2\/categories?post=185890"},{"taxonomy":"post_tag","embeddable":true,"href":"https:\/\/santemc.quebec\/icentre\/wp-json\/wp\/v2\/tags?post=185890"}],"curies":[{"name":"wp","href":"https:\/\/api.w.org\/{rel}","templated":true}]}}