{"id":186327,"date":"2020-03-24T17:40:06","date_gmt":"2020-03-24T21:40:06","guid":{"rendered":"http:\/\/santemc.quebec\/icentre\/?p=186327"},"modified":"2020-03-24T17:40:30","modified_gmt":"2020-03-24T21:40:30","slug":"recrutement-excellents-resultats-pour-la-premiere-fin-de-semaine-de-la-boutique-virtuelle","status":"publish","type":"post","link":"https:\/\/santemc.quebec\/icentre\/recrutement-excellents-resultats-pour-la-premiere-fin-de-semaine-de-la-boutique-virtuelle\/","title":{"rendered":"Recrutement : excellents r\u00e9sultats pour la premi\u00e8re fin de semaine de la boutique virtuelle"},"content":{"rendered":"<p>Vendredi, samedi et dimanche, une vingtaine d\u2019employ\u00e9s de la DRHCAJ et des gestionnaires des diff\u00e9rentes directions du CISSSMC se sont relay\u00e9s dans les bureaux des ressources humaines pour effectuer de nombreuses entrevues par vid\u00e9oconf\u00e9rence dans le cadre de notre boutique virtuelle de recrutement.<!--more--><\/p>\n<p>Au total, 99 entrevues ont \u00e9t\u00e9 r\u00e9alis\u00e9es durant les trois jours d\u2019ouverture de la boutique en ligne. De ce nombre, 61 candidatures ont \u00e9t\u00e9 retenues et 18 ont \u00e9t\u00e9 retenues, mais en attente pour une analyse plus compl\u00e8te de leur dossier.<\/p>\n<p>Nous tenons \u00e0 remercier tous les employ\u00e9s et gestionnaires qui ont particip\u00e9 \u00e0 ce recrutement intensif! Malgr\u00e9 la p\u00e9riode mouvement\u00e9e que nous traversons actuellement, votre d\u00e9vouement et votre professionnalisme nous permettent de continuer \u00e0 attirer du personnel de qualit\u00e9 pour venir pr\u00eater main forte aux \u00e9quipes en place.<\/p>\n<p><strong>27-28-29 mars\u00a0: encore des places disponibles!<\/strong><\/p>\n<p>La boutique virtuelle sera de nouveau ouverte la fin de semaine prochaine, soit les 27-28-29 mars. D\u00e9j\u00e0, plus d\u2019une centaine de candidatures ont \u00e9t\u00e9 re\u00e7ues pour passer une entrevue durant l\u2019une de ces trois journ\u00e9es. Mais il reste encore quelques places pour les gens qui souhaiteraient r\u00e9aliser une entrevue par vid\u00e9oconf\u00e9rence.<\/p>\n<p>Si vous connaissez des personnes int\u00e9ress\u00e9es par un emploi au CISSSMC, invitez-les \u00e0 d\u00e9poser leur candidature pour une entrevue en ligne en visitant le <a href=\"http:\/\/www.nousrecrutons.ca\">www.nousrecrutons.ca<\/a><\/p>\n","protected":false},"excerpt":{"rendered":"<p>Vendredi, samedi et dimanche, une vingtaine d\u2019employ\u00e9s de la DRHCAJ et des gestionnaires des diff\u00e9rentes directions du CISSSMC se sont relay\u00e9s dans les bureaux des ressources humaines pour effectuer de nombreuses entrevues par vid\u00e9oconf\u00e9rence dans le cadre de notre boutique &hellip; <a href=\"https:\/\/santemc.quebec\/icentre\/recrutement-excellents-resultats-pour-la-premiere-fin-de-semaine-de-la-boutique-virtuelle\/\">Continuer la lecture <span class=\"meta-nav\">&rarr;<\/span><\/a><\/p>\n","protected":false},"author":1,"featured_media":0,"comment_status":"open","ping_status":"closed","sticky":false,"template":"","format":"standard","meta":{"footnotes":""},"categories":[1],"tags":[],"_links":{"self":[{"href":"https:\/\/santemc.quebec\/icentre\/wp-json\/wp\/v2\/posts\/186327"}],"collection":[{"href":"https:\/\/santemc.quebec\/icentre\/wp-json\/wp\/v2\/posts"}],"about":[{"href":"https:\/\/santemc.quebec\/icentre\/wp-json\/wp\/v2\/types\/post"}],"author":[{"embeddable":true,"href":"https:\/\/santemc.quebec\/icentre\/wp-json\/wp\/v2\/users\/1"}],"replies":[{"embeddable":true,"href":"https:\/\/santemc.quebec\/icentre\/wp-json\/wp\/v2\/comments?post=186327"}],"version-history":[{"count":2,"href":"https:\/\/santemc.quebec\/icentre\/wp-json\/wp\/v2\/posts\/186327\/revisions"}],"predecessor-version":[{"id":186329,"href":"https:\/\/santemc.quebec\/icentre\/wp-json\/wp\/v2\/posts\/186327\/revisions\/186329"}],"wp:attachment":[{"href":"https:\/\/santemc.quebec\/icentre\/wp-json\/wp\/v2\/media?parent=186327"}],"wp:term":[{"taxonomy":"category","embeddable":true,"href":"https:\/\/santemc.quebec\/icentre\/wp-json\/wp\/v2\/categories?post=186327"},{"taxonomy":"post_tag","embeddable":true,"href":"https:\/\/santemc.quebec\/icentre\/wp-json\/wp\/v2\/tags?post=186327"}],"curies":[{"name":"wp","href":"https:\/\/api.w.org\/{rel}","templated":true}]}}