{"id":186558,"date":"2020-03-30T19:56:23","date_gmt":"2020-03-30T23:56:23","guid":{"rendered":"http:\/\/santemc.quebec\/icentre\/?p=186558"},"modified":"2020-03-30T19:57:58","modified_gmt":"2020-03-30T23:57:58","slug":"un-medecin-dhclm-a-tout-le-monde-en-parle","status":"publish","type":"post","link":"https:\/\/santemc.quebec\/icentre\/un-medecin-dhclm-a-tout-le-monde-en-parle\/","title":{"rendered":"Un m\u00e9decin d\u2019HCLM \u00e0 Tout le monde en parle"},"content":{"rendered":"<p><img decoding=\"async\" loading=\"lazy\" class=\"alignleft size-medium wp-image-186560\" src=\"https:\/\/santemc.quebec\/santemc\/icentre\/wp-content\/uploads\/2020\/03\/Capture-300x149.png\" alt=\"\" width=\"300\" height=\"149\" srcset=\"https:\/\/santemc.quebec\/santemc\/icentre\/wp-content\/uploads\/2020\/03\/Capture-300x149.png 300w, https:\/\/santemc.quebec\/santemc\/icentre\/wp-content\/uploads\/2020\/03\/Capture.png 471w\" sizes=\"(max-width: 300px) 100vw, 300px\" \/>Le Dr Antoine Delage, pr\u00e9sident de l\u2019Association des pneumologues du Qu\u00e9bec et pneumologue \u00e0 l\u2019H\u00f4pital Charles-Le Moyne \u00e9tait \u00e0 Tout le monde en parle hier soir.<\/p>\n<p>Lors de sa pr\u00e9sence sur le plateau il a pu faire le point sur la COVID-19 en pr\u00e9sentant, entre autres, les impacts de la maladie sur le syst\u00e8me respiratoire ainsi que sa vision de la pr\u00e9paration du syst\u00e8me de sant\u00e9 et des \u00e9quipes pour faire face \u00e0 la pand\u00e9mie.<!--more--><\/p>\n<p>L\u2019\u00e9mission qui \u00e9tait exceptionnellement en direct a aussi \u00e9t\u00e9 l\u2019occasion pour le pneumologue de rappeler l\u2019importance du respect des mesures de pr\u00e9vention d\u00e9ploy\u00e9es.<\/p>\n<p>L\u2019entrevue est disponible, en ligne, sur le site de Radio-Canada : https:\/\/bit.ly\/33UpPIx<\/p>\n<p>Portez attention \u00e0 la carte de Dany Turcotte, laquelle est d\u00e9di\u00e9e \u00e0 l\u2019ensemble du personnel du r\u00e9seau!<\/p>\n","protected":false},"excerpt":{"rendered":"<p>Le Dr Antoine Delage, pr\u00e9sident de l\u2019Association des pneumologues du Qu\u00e9bec et pneumologue \u00e0 l\u2019H\u00f4pital Charles-Le Moyne \u00e9tait \u00e0 Tout le monde en parle hier soir. Lors de sa pr\u00e9sence sur le plateau il a pu faire le point sur &hellip; <a href=\"https:\/\/santemc.quebec\/icentre\/un-medecin-dhclm-a-tout-le-monde-en-parle\/\">Continuer la lecture <span class=\"meta-nav\">&rarr;<\/span><\/a><\/p>\n","protected":false},"author":1,"featured_media":0,"comment_status":"open","ping_status":"closed","sticky":false,"template":"","format":"standard","meta":{"footnotes":""},"categories":[1],"tags":[],"_links":{"self":[{"href":"https:\/\/santemc.quebec\/icentre\/wp-json\/wp\/v2\/posts\/186558"}],"collection":[{"href":"https:\/\/santemc.quebec\/icentre\/wp-json\/wp\/v2\/posts"}],"about":[{"href":"https:\/\/santemc.quebec\/icentre\/wp-json\/wp\/v2\/types\/post"}],"author":[{"embeddable":true,"href":"https:\/\/santemc.quebec\/icentre\/wp-json\/wp\/v2\/users\/1"}],"replies":[{"embeddable":true,"href":"https:\/\/santemc.quebec\/icentre\/wp-json\/wp\/v2\/comments?post=186558"}],"version-history":[{"count":2,"href":"https:\/\/santemc.quebec\/icentre\/wp-json\/wp\/v2\/posts\/186558\/revisions"}],"predecessor-version":[{"id":186561,"href":"https:\/\/santemc.quebec\/icentre\/wp-json\/wp\/v2\/posts\/186558\/revisions\/186561"}],"wp:attachment":[{"href":"https:\/\/santemc.quebec\/icentre\/wp-json\/wp\/v2\/media?parent=186558"}],"wp:term":[{"taxonomy":"category","embeddable":true,"href":"https:\/\/santemc.quebec\/icentre\/wp-json\/wp\/v2\/categories?post=186558"},{"taxonomy":"post_tag","embeddable":true,"href":"https:\/\/santemc.quebec\/icentre\/wp-json\/wp\/v2\/tags?post=186558"}],"curies":[{"name":"wp","href":"https:\/\/api.w.org\/{rel}","templated":true}]}}