{"id":187,"date":"2015-05-22T09:25:17","date_gmt":"2015-05-22T13:25:17","guid":{"rendered":"http:\/\/santemc.quebec\/journal\/?p=187"},"modified":"2015-05-22T11:37:40","modified_gmt":"2015-05-22T15:37:40","slug":"nouvelle-urgence-de-lhopital-charles-le-moyne-les-aires-dobservation-livrees-a-lautomne","status":"publish","type":"post","link":"https:\/\/santemc.quebec\/icentre\/nouvelle-urgence-de-lhopital-charles-le-moyne-les-aires-dobservation-livrees-a-lautomne\/","title":{"rendered":"Nouvelle urgence de l\u2019H\u00f4pital Charles-Le Moyne : Les aires d\u2019observation livr\u00e9es \u00e0 l\u2019automne"},"content":{"rendered":"<p><a href=\"http:\/\/santemc.quebec\/santemc\/icentre\/wp-content\/uploads\/2015\/05\/Urgence-e1432309008833.jpg\"><img decoding=\"async\" loading=\"lazy\" class=\"alignleft size-medium wp-image-203\" src=\"http:\/\/santemc.quebec\/santemc\/icentre\/wp-content\/uploads\/2015\/05\/Urgence-300x198.jpg\" alt=\"Photo de la nouvelle urgence\" width=\"300\" height=\"198\" \/><\/a>L\u2019\u00e9ch\u00e9ancier de livraison de la premi\u00e8re phase de la nouvelle urgence de l\u2019H\u00f4pital Charles-Le Moyne, consistant en l\u2019am\u00e9nagement des aires d\u2019observation, est maintenant connu : les premiers d\u00e9m\u00e9nagements auront lieu au d\u00e9but du mois d\u2019octobre.<!--more--><\/p>\n<p>Le projet total est r\u00e9alis\u00e9 \u00e0 plus de 60 %. En avril, les \u00e9quipes de construction ont finalis\u00e9 le rev\u00eatement ext\u00e9rieur et de planchers. De plus, un comit\u00e9 de travail est en place depuis le d\u00e9but du mois de mars pour discuter de l\u2019am\u00e9nagement des nouveaux espaces et du transfert des activit\u00e9s. La deuxi\u00e8me phase des travaux, consistant notamment en l\u2019am\u00e9nagement des nouvelles aires de choc et salle d\u2019attente, est attendue pour mars 2016.<\/p>\n<p>Rappelons que le projet d\u2019agrandissement de l\u2019urgence, annonc\u00e9 en mai 2011, consiste en un ajout de superficie d\u2019environ 6\u00a0400\u00a0m\u00e8tres carr\u00e9s, en plus du r\u00e9am\u00e9nagement des locaux actuels d\u2019une superficie de pr\u00e8s de 500\u00a0m\u00e8tres carr\u00e9s. Cette initiative majeure, r\u00e9alis\u00e9e au co\u00fbt de 40 millions de dollars, permettra d\u2019am\u00e9liorer de fa\u00e7on significative la fonctionnalit\u00e9 et la fluidit\u00e9 de l\u2019urgence en plus d\u2019am\u00e9liorer l\u2019accessibilit\u00e9 aux soins de sant\u00e9.<\/p>\n","protected":false},"excerpt":{"rendered":"<p>L\u2019\u00e9ch\u00e9ancier de livraison de la premi\u00e8re phase de la nouvelle urgence de l\u2019H\u00f4pital Charles-Le Moyne, consistant en l\u2019am\u00e9nagement des aires d\u2019observation, est maintenant connu : les premiers d\u00e9m\u00e9nagements auront lieu au d\u00e9but du mois d\u2019octobre.<\/p>\n","protected":false},"author":1,"featured_media":0,"comment_status":"open","ping_status":"closed","sticky":false,"template":"","format":"standard","meta":{"footnotes":""},"categories":[1],"tags":[6],"_links":{"self":[{"href":"https:\/\/santemc.quebec\/icentre\/wp-json\/wp\/v2\/posts\/187"}],"collection":[{"href":"https:\/\/santemc.quebec\/icentre\/wp-json\/wp\/v2\/posts"}],"about":[{"href":"https:\/\/santemc.quebec\/icentre\/wp-json\/wp\/v2\/types\/post"}],"author":[{"embeddable":true,"href":"https:\/\/santemc.quebec\/icentre\/wp-json\/wp\/v2\/users\/1"}],"replies":[{"embeddable":true,"href":"https:\/\/santemc.quebec\/icentre\/wp-json\/wp\/v2\/comments?post=187"}],"version-history":[{"count":4,"href":"https:\/\/santemc.quebec\/icentre\/wp-json\/wp\/v2\/posts\/187\/revisions"}],"predecessor-version":[{"id":205,"href":"https:\/\/santemc.quebec\/icentre\/wp-json\/wp\/v2\/posts\/187\/revisions\/205"}],"wp:attachment":[{"href":"https:\/\/santemc.quebec\/icentre\/wp-json\/wp\/v2\/media?parent=187"}],"wp:term":[{"taxonomy":"category","embeddable":true,"href":"https:\/\/santemc.quebec\/icentre\/wp-json\/wp\/v2\/categories?post=187"},{"taxonomy":"post_tag","embeddable":true,"href":"https:\/\/santemc.quebec\/icentre\/wp-json\/wp\/v2\/tags?post=187"}],"curies":[{"name":"wp","href":"https:\/\/api.w.org\/{rel}","templated":true}]}}