{"id":188698,"date":"2020-07-02T15:56:56","date_gmt":"2020-07-02T19:56:56","guid":{"rendered":"http:\/\/santemc.quebec\/icentre\/?p=188698"},"modified":"2020-07-02T15:58:41","modified_gmt":"2020-07-02T19:58:41","slug":"covid-19-mise-a-jour-de-la-foire-aux-questions-des-employes-3-copy-copy-copy-copy-copy","status":"publish","type":"post","link":"https:\/\/santemc.quebec\/icentre\/covid-19-mise-a-jour-de-la-foire-aux-questions-des-employes-3-copy-copy-copy-copy-copy\/","title":{"rendered":"COVID-19 : Mise \u00e0 jour de la Foire aux questions des employ\u00e9s"},"content":{"rendered":"<div>Mise \u00e0 jour concernant les ressources d&rsquo;aide aux employ\u00e9s<\/div>\n<div><\/div>\n<div><a href=\"https:\/\/santemc.quebec\/icentre\/?page_id=185406\" target=\"_blank\" rel=\"noopener noreferrer\">Consultez la Foire aux questions des employ\u00e9s<\/a><\/div>\n<div><\/div>\n<div><\/div>\n<div><\/div>\n<div><\/div>\n<div><\/div>\n","protected":false},"excerpt":{"rendered":"<p>Mise \u00e0 jour concernant les ressources d&rsquo;aide aux employ\u00e9s Consultez la Foire aux questions des employ\u00e9s<\/p>\n","protected":false},"author":1,"featured_media":0,"comment_status":"open","ping_status":"closed","sticky":false,"template":"","format":"standard","meta":{"footnotes":""},"categories":[1],"tags":[],"_links":{"self":[{"href":"https:\/\/santemc.quebec\/icentre\/wp-json\/wp\/v2\/posts\/188698"}],"collection":[{"href":"https:\/\/santemc.quebec\/icentre\/wp-json\/wp\/v2\/posts"}],"about":[{"href":"https:\/\/santemc.quebec\/icentre\/wp-json\/wp\/v2\/types\/post"}],"author":[{"embeddable":true,"href":"https:\/\/santemc.quebec\/icentre\/wp-json\/wp\/v2\/users\/1"}],"replies":[{"embeddable":true,"href":"https:\/\/santemc.quebec\/icentre\/wp-json\/wp\/v2\/comments?post=188698"}],"version-history":[{"count":2,"href":"https:\/\/santemc.quebec\/icentre\/wp-json\/wp\/v2\/posts\/188698\/revisions"}],"predecessor-version":[{"id":188700,"href":"https:\/\/santemc.quebec\/icentre\/wp-json\/wp\/v2\/posts\/188698\/revisions\/188700"}],"wp:attachment":[{"href":"https:\/\/santemc.quebec\/icentre\/wp-json\/wp\/v2\/media?parent=188698"}],"wp:term":[{"taxonomy":"category","embeddable":true,"href":"https:\/\/santemc.quebec\/icentre\/wp-json\/wp\/v2\/categories?post=188698"},{"taxonomy":"post_tag","embeddable":true,"href":"https:\/\/santemc.quebec\/icentre\/wp-json\/wp\/v2\/tags?post=188698"}],"curies":[{"name":"wp","href":"https:\/\/api.w.org\/{rel}","templated":true}]}}