{"id":188719,"date":"2020-07-07T19:20:58","date_gmt":"2020-07-07T23:20:58","guid":{"rendered":"http:\/\/santemc.quebec\/icentre\/?p=188719"},"modified":"2020-07-07T19:20:58","modified_gmt":"2020-07-07T23:20:58","slug":"covid-19-vigie-de-la-covid-19-lancement-de-la-strategie-de-depistage-preventif-des-le-8-juillet","status":"publish","type":"post","link":"https:\/\/santemc.quebec\/icentre\/covid-19-vigie-de-la-covid-19-lancement-de-la-strategie-de-depistage-preventif-des-le-8-juillet\/","title":{"rendered":"COVID-19 : Vigie de la Covid-19 \u2013 lancement de la strat\u00e9gie de d\u00e9pistage pr\u00e9ventif d\u00e8s le 8 juillet"},"content":{"rendered":"<p><a href=\"https:\/\/santemc.quebec\/santemc\/icentre\/wp-content\/uploads\/2020\/07\/2020-07-07_CI_47_Depistagemassif_8juillet.pdf\" target=\"_blank\" rel=\"noopener noreferrer\">Lire le communiqu\u00e9 interne<\/a><\/p>\n<p>&nbsp;<\/p>\n","protected":false},"excerpt":{"rendered":"<p>Lire le communiqu\u00e9 interne &nbsp;<\/p>\n","protected":false},"author":1,"featured_media":0,"comment_status":"open","ping_status":"closed","sticky":false,"template":"","format":"standard","meta":{"footnotes":""},"categories":[1],"tags":[],"_links":{"self":[{"href":"https:\/\/santemc.quebec\/icentre\/wp-json\/wp\/v2\/posts\/188719"}],"collection":[{"href":"https:\/\/santemc.quebec\/icentre\/wp-json\/wp\/v2\/posts"}],"about":[{"href":"https:\/\/santemc.quebec\/icentre\/wp-json\/wp\/v2\/types\/post"}],"author":[{"embeddable":true,"href":"https:\/\/santemc.quebec\/icentre\/wp-json\/wp\/v2\/users\/1"}],"replies":[{"embeddable":true,"href":"https:\/\/santemc.quebec\/icentre\/wp-json\/wp\/v2\/comments?post=188719"}],"version-history":[{"count":1,"href":"https:\/\/santemc.quebec\/icentre\/wp-json\/wp\/v2\/posts\/188719\/revisions"}],"predecessor-version":[{"id":188721,"href":"https:\/\/santemc.quebec\/icentre\/wp-json\/wp\/v2\/posts\/188719\/revisions\/188721"}],"wp:attachment":[{"href":"https:\/\/santemc.quebec\/icentre\/wp-json\/wp\/v2\/media?parent=188719"}],"wp:term":[{"taxonomy":"category","embeddable":true,"href":"https:\/\/santemc.quebec\/icentre\/wp-json\/wp\/v2\/categories?post=188719"},{"taxonomy":"post_tag","embeddable":true,"href":"https:\/\/santemc.quebec\/icentre\/wp-json\/wp\/v2\/tags?post=188719"}],"curies":[{"name":"wp","href":"https:\/\/api.w.org\/{rel}","templated":true}]}}