{"id":188724,"date":"2020-07-08T15:45:51","date_gmt":"2020-07-08T19:45:51","guid":{"rendered":"http:\/\/santemc.quebec\/icentre\/?p=188724"},"modified":"2020-07-08T15:46:24","modified_gmt":"2020-07-08T19:46:24","slug":"un-appareil-de-tomodensitometrie-au-service-des-patients-atteints-de-la-covid-19","status":"publish","type":"post","link":"https:\/\/santemc.quebec\/icentre\/un-appareil-de-tomodensitometrie-au-service-des-patients-atteints-de-la-covid-19\/","title":{"rendered":"Un appareil de tomodensitom\u00e9trie au service des patients atteints de la COVID-19"},"content":{"rendered":"<div id=\"attachment_188725\" style=\"width: 310px\" class=\"wp-caption alignleft\"><a href=\"https:\/\/santemc.quebec\/santemc\/icentre\/wp-content\/uploads\/2020\/07\/Tomo.jpg\"><img aria-describedby=\"caption-attachment-188725\" decoding=\"async\" loading=\"lazy\" class=\"size-medium wp-image-188725\" src=\"https:\/\/santemc.quebec\/santemc\/icentre\/wp-content\/uploads\/2020\/07\/Tomo-300x206.jpg\" alt=\"\" width=\"300\" height=\"206\" srcset=\"https:\/\/santemc.quebec\/santemc\/icentre\/wp-content\/uploads\/2020\/07\/Tomo-300x206.jpg 300w, https:\/\/santemc.quebec\/santemc\/icentre\/wp-content\/uploads\/2020\/07\/Tomo-1024x703.jpg 1024w, https:\/\/santemc.quebec\/santemc\/icentre\/wp-content\/uploads\/2020\/07\/Tomo-768x528.jpg 768w, https:\/\/santemc.quebec\/santemc\/icentre\/wp-content\/uploads\/2020\/07\/Tomo-437x300.jpg 437w, https:\/\/santemc.quebec\/santemc\/icentre\/wp-content\/uploads\/2020\/07\/Tomo.jpg 1319w\" sizes=\"(max-width: 300px) 100vw, 300px\" \/><\/a><p id=\"caption-attachment-188725\" class=\"wp-caption-text\">De gauche \u00e0 droite : \u00c9milie David, chef int\u00e9rimaire de l&rsquo;imagerie m\u00e9dicale, Philippe Leblanc, physicien au Service de g\u00e9nie biom\u00e9dical, Julie Audet, assistante chef de l\u2019imagerie m\u00e9dicale et Dr Genevi\u00e8ve Boisvert, radiologue en chef \u00e0 l\u2019H\u00f4pital Charles Le-Moyne<\/p><\/div>\n<p>Peu apr\u00e8s le d\u00e9but de la pand\u00e9mie de COVID-19, le minist\u00e8re de la Sant\u00e9 et des Services sociaux a d\u00e9sign\u00e9 l\u2019H\u00f4pital Charles-Le Moyne comme l\u2019un des centres hospitaliers charg\u00e9 du diagnostic et du traitement des patients atteints de la COVID-19. Cette d\u00e9signation a non seulement entra\u00een\u00e9 la transformation de l\u2019unit\u00e9 de court s\u00e9jour en unit\u00e9 de soins intensifs COVID-19, mais elle a aussi amen\u00e9 plusieurs services \u00e0 revoir leur fa\u00e7on de faire dans un tr\u00e8s court laps de temps.<!--more--><\/p>\n<p>L\u2019un des enjeux rencontr\u00e9s fut l\u2019emplacement du service d\u2019imagerie m\u00e9dicale. Afin de diminuer le risque de transmission de la COVID-19 lors du transport de patients de la salle d\u2019urgence au service d\u2019imagerie m\u00e9dicale, il fallait trouver un moyen de mettre en place un syst\u00e8me de tomodensitom\u00e9trie (CT-scan) dans la \u00ab zone rouge \u00bb de l\u2019h\u00f4pital.<\/p>\n<p>\u00ab Nous voulions nous assurer que le risque d\u2019infection associ\u00e9 au transport de patients \u00e9tait consid\u00e9rablement r\u00e9duit, d\u2019o\u00f9 la n\u00e9cessit\u00e9 d\u2019installer un appareil de tomodensitom\u00e9trie dans la zone que nous avions d\u00e9sign\u00e9e pour traiter les patients infect\u00e9s par la COVID-19 \u00bb, commente la docteure Genevi\u00e8ve Boisvert, radiologue en chef \u00e0 l\u2019H\u00f4pital Charles-Le Moyne.<\/p>\n<p>Un appareil correspondant aux crit\u00e8res recherch\u00e9s a \u00e9t\u00e9 rendu disponible rapidement. Le processus s\u2019est amorc\u00e9 le 6 avril avec l\u2019autorisation de l\u2019achat par le minist\u00e8re de la Sant\u00e9 et des Services sociaux. S\u2019en est suivie l\u2019installation du syst\u00e8me; la plus rapide jamais effectu\u00e9e dans l\u2019histoire de la compagnie Siemens. En tout, cinq semaines se sont \u00e9coul\u00e9es entre la demande et la 1re utilisation de l\u2019appareil avec un patient. En r\u00e8gle g\u00e9n\u00e9rale, ce processus prend au minimum de six \u00e0 douze mois.<\/p>\n<p>L\u2019\u00e9quipe de l\u2019imagerie m\u00e9dicale s\u2019est mobilis\u00e9e tout aussi rapidement et tous les technologues devant utiliser le nouvel appareil ont re\u00e7u la formation requise, tout en respectant les mesures de distanciation physique.<\/p>\n<p>Le d\u00e9fi \u00e9tait de taille. Gr\u00e2ce au travail d\u2019\u00e9quipe et \u00e0 l\u2019efficacit\u00e9 des acteurs-cl\u00e9s des services concern\u00e9s, tels que Julie Audet, assistante chef de l\u2019imagerie m\u00e9dicale, Philippe Leblanc, physicien au Service de g\u00e9nie biom\u00e9dical, Fran\u00e7ois Billette, responsable de projet \u00e0 la Direction des services techniques, Mayssaa Al-Hayek, chef de service de g\u00e9nie biom\u00e9dical et \u00c9milie David, chef int\u00e9rimaire de l\u2019imagerie m\u00e9dicale, celui-ci a \u00e9t\u00e9 relev\u00e9 avec brio. Bravo \u00e0 tous ceux et celles qui ont particip\u00e9 \u00e0 ce succ\u00e8s.<\/p>\n","protected":false},"excerpt":{"rendered":"<p>Peu apr\u00e8s le d\u00e9but de la pand\u00e9mie de COVID-19, le minist\u00e8re de la Sant\u00e9 et des Services sociaux a d\u00e9sign\u00e9 l\u2019H\u00f4pital Charles-Le Moyne comme l\u2019un des centres hospitaliers charg\u00e9 du diagnostic et du traitement des patients atteints de la COVID-19. &hellip; <a href=\"https:\/\/santemc.quebec\/icentre\/un-appareil-de-tomodensitometrie-au-service-des-patients-atteints-de-la-covid-19\/\">Continuer la lecture <span class=\"meta-nav\">&rarr;<\/span><\/a><\/p>\n","protected":false},"author":1,"featured_media":0,"comment_status":"open","ping_status":"closed","sticky":false,"template":"","format":"standard","meta":{"footnotes":""},"categories":[1],"tags":[],"_links":{"self":[{"href":"https:\/\/santemc.quebec\/icentre\/wp-json\/wp\/v2\/posts\/188724"}],"collection":[{"href":"https:\/\/santemc.quebec\/icentre\/wp-json\/wp\/v2\/posts"}],"about":[{"href":"https:\/\/santemc.quebec\/icentre\/wp-json\/wp\/v2\/types\/post"}],"author":[{"embeddable":true,"href":"https:\/\/santemc.quebec\/icentre\/wp-json\/wp\/v2\/users\/1"}],"replies":[{"embeddable":true,"href":"https:\/\/santemc.quebec\/icentre\/wp-json\/wp\/v2\/comments?post=188724"}],"version-history":[{"count":1,"href":"https:\/\/santemc.quebec\/icentre\/wp-json\/wp\/v2\/posts\/188724\/revisions"}],"predecessor-version":[{"id":188726,"href":"https:\/\/santemc.quebec\/icentre\/wp-json\/wp\/v2\/posts\/188724\/revisions\/188726"}],"wp:attachment":[{"href":"https:\/\/santemc.quebec\/icentre\/wp-json\/wp\/v2\/media?parent=188724"}],"wp:term":[{"taxonomy":"category","embeddable":true,"href":"https:\/\/santemc.quebec\/icentre\/wp-json\/wp\/v2\/categories?post=188724"},{"taxonomy":"post_tag","embeddable":true,"href":"https:\/\/santemc.quebec\/icentre\/wp-json\/wp\/v2\/tags?post=188724"}],"curies":[{"name":"wp","href":"https:\/\/api.w.org\/{rel}","templated":true}]}}