{"id":188785,"date":"2020-07-14T09:37:27","date_gmt":"2020-07-14T13:37:27","guid":{"rendered":"http:\/\/santemc.quebec\/icentre\/?p=188785"},"modified":"2020-07-14T16:07:50","modified_gmt":"2020-07-14T20:07:50","slug":"une-autre-facon-detre-a-la-rencontre-des-usagers-en-centre-de-jour","status":"publish","type":"post","link":"https:\/\/santemc.quebec\/icentre\/une-autre-facon-detre-a-la-rencontre-des-usagers-en-centre-de-jour\/","title":{"rendered":"Une autre fa\u00e7on d\u2019\u00eatre \u00e0 la rencontre des usagers en centre de jour!"},"content":{"rendered":"<div id=\"attachment_188786\" style=\"width: 310px\" class=\"wp-caption alignleft\"><a href=\"https:\/\/santemc.quebec\/santemc\/icentre\/wp-content\/uploads\/2020\/07\/doc_centres_jour.jpg\"><img aria-describedby=\"caption-attachment-188786\" decoding=\"async\" loading=\"lazy\" class=\"size-medium wp-image-188786\" src=\"https:\/\/santemc.quebec\/santemc\/icentre\/wp-content\/uploads\/2020\/07\/doc_centres_jour-300x225.jpg\" alt=\"\" width=\"300\" height=\"225\" srcset=\"https:\/\/santemc.quebec\/santemc\/icentre\/wp-content\/uploads\/2020\/07\/doc_centres_jour-300x225.jpg 300w, https:\/\/santemc.quebec\/santemc\/icentre\/wp-content\/uploads\/2020\/07\/doc_centres_jour-768x576.jpg 768w, https:\/\/santemc.quebec\/santemc\/icentre\/wp-content\/uploads\/2020\/07\/doc_centres_jour-400x300.jpg 400w, https:\/\/santemc.quebec\/santemc\/icentre\/wp-content\/uploads\/2020\/07\/doc_centres_jour.jpg 1024w\" sizes=\"(max-width: 300px) 100vw, 300px\" \/><\/a><p id=\"caption-attachment-188786\" class=\"wp-caption-text\">Julie Couture (Service des communications); Pascale Thibodeau (travailleuse sociale et coordonnatrice clinique); Jos\u00e9e Leduc (\u00e9ducatrice sp\u00e9cialis\u00e9e et coordonnatrice clinique); Cynthia Or\u00e9lus (\u00e9ducatrice sp\u00e9cialis\u00e9e et coordonnatrice clinique) et Nathalie Ferguson (coordonnatrice SAD, chef centres de jour et h\u00f4pitaux de jour).<\/p><\/div>\n<p>Dans le contexte de la COVID-19, les centres de jour de la Direction du programme de soutien \u00e0 l\u2019autonomie des personnes \u00e2g\u00e9es (SAPA) ont d\u00fb suspendre leurs activit\u00e9s de groupe. Ce sont donc un peu plus de 500 usagers qui ne b\u00e9n\u00e9ficient plus de leur activit\u00e9s hebdomadaires visant \u00e0 favoriser leur maintien \u00e0 domicile.<\/p>\n<p><!--more--><\/p>\n<p>Bien que les \u00e9quipes contactent fr\u00e9quemment les usagers depuis la mi-avril, plusieurs d\u2019entre eux manifestaient la volont\u00e9 de poursuivre, de fa\u00e7on autonome, les activit\u00e9s physiques et cognitives et demandaient des suggestions d\u2019activit\u00e9s s\u00e9curitaires \u00e0 faire \u00e0 la maison.<\/p>\n<p>L\u2019\u00e9quipe du centre de jour, et plus particuli\u00e8rement les coordonnatrices professionnelles, ont donc pens\u00e9 \u00e0 une fa\u00e7on diff\u00e9rente de favoriser la stimulation de la client\u00e8le et d\u2019ainsi offrir leurs services durant cette p\u00e9riode singuli\u00e8re. Elles ont donc fait preuve de cr\u00e9ativit\u00e9 et ont \u00e9labor\u00e9, avec l\u2019aide du Service des communications, un cahier d\u2019activit\u00e9s cognitives et physiques afin de permettre \u00e0 la client\u00e8le de demeurer stimul\u00e9e.<\/p>\n<p>Ce guide de plus de 80 pages sera distribu\u00e9, en mains propres, \u00e0 chaque usager du centre de jour. Cette distribution personnelle sera aussi l\u2019occasion pour les intervenants de maintenir le contact avec la client\u00e8le. Bien que le guide soit de fa\u00e7on prioritaire destin\u00e9 \u00e0 la client\u00e8le des centres de jour, il sera mis \u00e0 la disposition des intervenants du soutien \u00e0 domicile qui pourront le distribuer \u00e0 la client\u00e8le \u00e0 qui les activit\u00e9s pourraient \u00eatre b\u00e9n\u00e9fiques.<\/p>\n<p>Bien que cette initiative permettra de r\u00e9pondre au besoin \u00e9voqu\u00e9 par la client\u00e8le, nous travaillons actuellement \u00e0 \u00e9laborer de nouvelles modalit\u00e9s afin de reprendre, de fa\u00e7on s\u00e9curitaire, les activit\u00e9s de stimulation des centres de jour. Nous avons, entre autres, d\u00e9j\u00e0 entrepris des routes de r\u00e9pit-stimulation \u00e0 domicile.<\/p>\n<p>En terminant, soulignons la contribution de l\u2019ensemble des intervenants des centres de jour qui ont, d\u00e8s le jour 1 de la pand\u00e9mie, pr\u00eat\u00e9 main-forte \u00e0 leur coll\u00e8gues, particuli\u00e8rement en CHSLD.<\/p>\n<p>&nbsp;<\/p>\n<p>&nbsp;<\/p>\n","protected":false},"excerpt":{"rendered":"<p>Dans le contexte de la COVID-19, les centres de jour de la Direction du programme de soutien \u00e0 l\u2019autonomie des personnes \u00e2g\u00e9es (SAPA) ont d\u00fb suspendre leurs activit\u00e9s de groupe. Ce sont donc un peu plus de 500 usagers qui &hellip; <a href=\"https:\/\/santemc.quebec\/icentre\/une-autre-facon-detre-a-la-rencontre-des-usagers-en-centre-de-jour\/\">Continuer la lecture <span class=\"meta-nav\">&rarr;<\/span><\/a><\/p>\n","protected":false},"author":1,"featured_media":0,"comment_status":"open","ping_status":"closed","sticky":false,"template":"","format":"standard","meta":{"footnotes":""},"categories":[1],"tags":[],"_links":{"self":[{"href":"https:\/\/santemc.quebec\/icentre\/wp-json\/wp\/v2\/posts\/188785"}],"collection":[{"href":"https:\/\/santemc.quebec\/icentre\/wp-json\/wp\/v2\/posts"}],"about":[{"href":"https:\/\/santemc.quebec\/icentre\/wp-json\/wp\/v2\/types\/post"}],"author":[{"embeddable":true,"href":"https:\/\/santemc.quebec\/icentre\/wp-json\/wp\/v2\/users\/1"}],"replies":[{"embeddable":true,"href":"https:\/\/santemc.quebec\/icentre\/wp-json\/wp\/v2\/comments?post=188785"}],"version-history":[{"count":1,"href":"https:\/\/santemc.quebec\/icentre\/wp-json\/wp\/v2\/posts\/188785\/revisions"}],"predecessor-version":[{"id":188787,"href":"https:\/\/santemc.quebec\/icentre\/wp-json\/wp\/v2\/posts\/188785\/revisions\/188787"}],"wp:attachment":[{"href":"https:\/\/santemc.quebec\/icentre\/wp-json\/wp\/v2\/media?parent=188785"}],"wp:term":[{"taxonomy":"category","embeddable":true,"href":"https:\/\/santemc.quebec\/icentre\/wp-json\/wp\/v2\/categories?post=188785"},{"taxonomy":"post_tag","embeddable":true,"href":"https:\/\/santemc.quebec\/icentre\/wp-json\/wp\/v2\/tags?post=188785"}],"curies":[{"name":"wp","href":"https:\/\/api.w.org\/{rel}","templated":true}]}}