{"id":188788,"date":"2020-07-14T08:10:43","date_gmt":"2020-07-14T12:10:43","guid":{"rendered":"http:\/\/santemc.quebec\/icentre\/?p=188788"},"modified":"2020-07-14T16:07:35","modified_gmt":"2020-07-14T20:07:35","slug":"solidarite-sans-precedent-pour-le-milieu-hospitalier-le-defi-des-generations-contre-la-covid","status":"publish","type":"post","link":"https:\/\/santemc.quebec\/icentre\/solidarite-sans-precedent-pour-le-milieu-hospitalier-le-defi-des-generations-contre-la-covid\/","title":{"rendered":"Solidarit\u00e9 sans pr\u00e9c\u00e9dent pour le milieu hospitalier : le D\u00e9fi des g\u00e9n\u00e9rations contre la COVID"},"content":{"rendered":"<p><a href=\"https:\/\/santemc.quebec\/santemc\/icentre\/wp-content\/uploads\/2020\/07\/defi-generation.png\"><img decoding=\"async\" loading=\"lazy\" class=\"alignleft size-medium wp-image-188791\" src=\"https:\/\/santemc.quebec\/santemc\/icentre\/wp-content\/uploads\/2020\/07\/defi-generation-235x300.png\" alt=\"\" width=\"235\" height=\"300\" srcset=\"https:\/\/santemc.quebec\/santemc\/icentre\/wp-content\/uploads\/2020\/07\/defi-generation-235x300.png 235w, https:\/\/santemc.quebec\/santemc\/icentre\/wp-content\/uploads\/2020\/07\/defi-generation.png 629w\" sizes=\"(max-width: 235px) 100vw, 235px\" \/><\/a>Depuis quatre ans, vous \u00eates nombreux \u00e0 participer au D\u00e9fi des g\u00e9n\u00e9rations contre le cancer. Cette ann\u00e9e, la Fondation H\u00f4pital Charles-LeMoyne vous propose une \u00e9dition toute en solidarit\u00e9, le D\u00e9fi des g\u00e9n\u00e9rations contre la Covid.<\/p>\n<p>Trois fondations hospitali\u00e8res ont accept\u00e9 l\u2019invitation de s\u2019unir \u00e0 la Fondation H\u00f4pital Charles-LeMoyne pour vous proposer un \u00e9v\u00e9nement virtuel o\u00f9 mobilisation et<br \/>\nd\u00e9passement sont \u00e0 l\u2019honneur! D\u00e8s aujourd\u2019hui, et jusqu\u2019au 3 octobre, vous \u00eates invit\u00e9s \u00e0 choisir un d\u00e9fi personnel inspirant et motivant, \u00e0 vous fixer un objectif de collecte et \u00e0 le partager dans vos r\u00e9seaux.<!--more--><\/p>\n<p>Courir la distance d\u2019un marathon, monter 1000 marches d\u2019escalier, vous rendre au travail en v\u00e9lo\u2026 les possibilit\u00e9s sont infinies! Entre coll\u00e8gues, en famille ou en solo,<br \/>\nfaites preuve de cr\u00e9ativit\u00e9 et mobilisez votre entourage.<\/p>\n<p>Les fonds amass\u00e9s lors du D\u00e9fi des g\u00e9n\u00e9rations contre la Covid permettront de soutenir :<\/p>\n<ul>\n<li>La recherche<\/li>\n<li>La sant\u00e9 mentale<\/li>\n<li>Les \u00e9quipes m\u00e9dicales<\/li>\n<li>Le bien-\u00eatre des patients et l\u2019accompagnement des personnes \u00e2g\u00e9es<\/li>\n<\/ul>\n<p>INSCRIPTION ET INFORMATION : <a href=\"http:\/\/defidesgenerations.com\" target=\"_blank\" rel=\"noopener noreferrer\">defidesgenerations.com<\/a><\/p>\n","protected":false},"excerpt":{"rendered":"<p>Depuis quatre ans, vous \u00eates nombreux \u00e0 participer au D\u00e9fi des g\u00e9n\u00e9rations contre le cancer. Cette ann\u00e9e, la Fondation H\u00f4pital Charles-LeMoyne vous propose une \u00e9dition toute en solidarit\u00e9, le D\u00e9fi des g\u00e9n\u00e9rations contre la Covid. Trois fondations hospitali\u00e8res ont accept\u00e9 &hellip; <a href=\"https:\/\/santemc.quebec\/icentre\/solidarite-sans-precedent-pour-le-milieu-hospitalier-le-defi-des-generations-contre-la-covid\/\">Continuer la lecture <span class=\"meta-nav\">&rarr;<\/span><\/a><\/p>\n","protected":false},"author":1,"featured_media":0,"comment_status":"open","ping_status":"closed","sticky":false,"template":"","format":"standard","meta":{"footnotes":""},"categories":[1],"tags":[],"_links":{"self":[{"href":"https:\/\/santemc.quebec\/icentre\/wp-json\/wp\/v2\/posts\/188788"}],"collection":[{"href":"https:\/\/santemc.quebec\/icentre\/wp-json\/wp\/v2\/posts"}],"about":[{"href":"https:\/\/santemc.quebec\/icentre\/wp-json\/wp\/v2\/types\/post"}],"author":[{"embeddable":true,"href":"https:\/\/santemc.quebec\/icentre\/wp-json\/wp\/v2\/users\/1"}],"replies":[{"embeddable":true,"href":"https:\/\/santemc.quebec\/icentre\/wp-json\/wp\/v2\/comments?post=188788"}],"version-history":[{"count":3,"href":"https:\/\/santemc.quebec\/icentre\/wp-json\/wp\/v2\/posts\/188788\/revisions"}],"predecessor-version":[{"id":188792,"href":"https:\/\/santemc.quebec\/icentre\/wp-json\/wp\/v2\/posts\/188788\/revisions\/188792"}],"wp:attachment":[{"href":"https:\/\/santemc.quebec\/icentre\/wp-json\/wp\/v2\/media?parent=188788"}],"wp:term":[{"taxonomy":"category","embeddable":true,"href":"https:\/\/santemc.quebec\/icentre\/wp-json\/wp\/v2\/categories?post=188788"},{"taxonomy":"post_tag","embeddable":true,"href":"https:\/\/santemc.quebec\/icentre\/wp-json\/wp\/v2\/tags?post=188788"}],"curies":[{"name":"wp","href":"https:\/\/api.w.org\/{rel}","templated":true}]}}