{"id":188810,"date":"2020-07-15T15:21:41","date_gmt":"2020-07-15T19:21:41","guid":{"rendered":"http:\/\/santemc.quebec\/icentre\/?p=188810"},"modified":"2020-07-15T15:26:21","modified_gmt":"2020-07-15T19:26:21","slug":"covid-19-application-de-larrete-ministeriel-2020-007","status":"publish","type":"post","link":"https:\/\/santemc.quebec\/icentre\/covid-19-application-de-larrete-ministeriel-2020-007\/","title":{"rendered":"COVID-19 : Application de l\u2019arr\u00eat\u00e9 minist\u00e9riel 2020-007"},"content":{"rendered":"<p><a href=\"https:\/\/santemc.quebec\/santemc\/icentre\/wp-content\/uploads\/2020\/07\/2020-07-15_CI_49_Application-arrete-ministeriel_2020-007.pdf\" target=\"_blank\" rel=\"noopener noreferrer\">Lire le communiqu\u00e9 interne<\/a><br \/>\n<a href=\"https:\/\/santemc.quebec\/santemc\/icentre\/wp-content\/uploads\/2020\/07\/Formulaire-choix-employ\u00e9-disponibilit\u00e9-additionnelle-temps-complet_15-juillet-2020.docx\" target=\"_blank\" rel=\"noopener noreferrer\">Formulaire Modification-disponibilit\u00e9 additionnelle \u00e0 temps complet\u00a0<\/a><\/p>\n<p>&nbsp;<\/p>\n","protected":false},"excerpt":{"rendered":"<p>Lire le communiqu\u00e9 interne Formulaire Modification-disponibilit\u00e9 additionnelle \u00e0 temps complet\u00a0 &nbsp;<\/p>\n","protected":false},"author":1,"featured_media":0,"comment_status":"open","ping_status":"closed","sticky":false,"template":"","format":"standard","meta":{"footnotes":""},"categories":[1],"tags":[],"_links":{"self":[{"href":"https:\/\/santemc.quebec\/icentre\/wp-json\/wp\/v2\/posts\/188810"}],"collection":[{"href":"https:\/\/santemc.quebec\/icentre\/wp-json\/wp\/v2\/posts"}],"about":[{"href":"https:\/\/santemc.quebec\/icentre\/wp-json\/wp\/v2\/types\/post"}],"author":[{"embeddable":true,"href":"https:\/\/santemc.quebec\/icentre\/wp-json\/wp\/v2\/users\/1"}],"replies":[{"embeddable":true,"href":"https:\/\/santemc.quebec\/icentre\/wp-json\/wp\/v2\/comments?post=188810"}],"version-history":[{"count":4,"href":"https:\/\/santemc.quebec\/icentre\/wp-json\/wp\/v2\/posts\/188810\/revisions"}],"predecessor-version":[{"id":188818,"href":"https:\/\/santemc.quebec\/icentre\/wp-json\/wp\/v2\/posts\/188810\/revisions\/188818"}],"wp:attachment":[{"href":"https:\/\/santemc.quebec\/icentre\/wp-json\/wp\/v2\/media?parent=188810"}],"wp:term":[{"taxonomy":"category","embeddable":true,"href":"https:\/\/santemc.quebec\/icentre\/wp-json\/wp\/v2\/categories?post=188810"},{"taxonomy":"post_tag","embeddable":true,"href":"https:\/\/santemc.quebec\/icentre\/wp-json\/wp\/v2\/tags?post=188810"}],"curies":[{"name":"wp","href":"https:\/\/api.w.org\/{rel}","templated":true}]}}