{"id":188838,"date":"2020-07-17T18:19:38","date_gmt":"2020-07-17T22:19:38","guid":{"rendered":"http:\/\/santemc.quebec\/icentre\/?p=188838"},"modified":"2020-07-17T19:00:07","modified_gmt":"2020-07-17T23:00:07","slug":"richard-deschamps-recipiendaire-du-prix-madeleine-cote-de-la-faculte-de-medecine-et-des-sciences-de-la-sante-de-luniversite-de-sherbrooke","status":"publish","type":"post","link":"https:\/\/santemc.quebec\/icentre\/richard-deschamps-recipiendaire-du-prix-madeleine-cote-de-la-faculte-de-medecine-et-des-sciences-de-la-sante-de-luniversite-de-sherbrooke\/","title":{"rendered":"Richard Deschamps r\u00e9cipiendaire du prix Madeleine-C\u00f4t\u00e9 de la Facult\u00e9 de m\u00e9decine et des sciences de la sant\u00e9 de l&rsquo;Universit\u00e9 de Sherbrooke"},"content":{"rendered":"<p><a href=\"https:\/\/santemc.quebec\/santemc\/icentre\/wp-content\/uploads\/2020\/04\/Capture.png\"><img decoding=\"async\" loading=\"lazy\" class=\"size-medium wp-image-186917 alignleft\" src=\"https:\/\/santemc.quebec\/santemc\/icentre\/wp-content\/uploads\/2020\/04\/Capture-300x285.png\" alt=\"\" width=\"300\" height=\"285\" srcset=\"https:\/\/santemc.quebec\/santemc\/icentre\/wp-content\/uploads\/2020\/04\/Capture-300x285.png 300w, https:\/\/santemc.quebec\/santemc\/icentre\/wp-content\/uploads\/2020\/04\/Capture-316x300.png 316w, https:\/\/santemc.quebec\/santemc\/icentre\/wp-content\/uploads\/2020\/04\/Capture.png 544w\" sizes=\"(max-width: 300px) 100vw, 300px\" \/><\/a>Dans le cadre de la Quinzaine de la reconnaissance de la Facult\u00e9 de m\u00e9decine et des sciences de la sant\u00e9 de l&rsquo;Universit\u00e9 de Sherbrooke, monsieur Richard Deschamps, pr\u00e9sident directeur-g\u00e9n\u00e9ral du CISSS de la Mont\u00e9r\u00e9gie-Centre, s\u2019est vu attribuer le prix Madeleine-C\u00f4t\u00e9. Depuis 15 ans, ce prix est remis, chaque ann\u00e9e, \u00e0 une personne ou \u00e0 un groupe \u0153uvrant \u00e0 l\u2019ext\u00e9rieur de la facult\u00e9 qui, par ses actions, contribue de mani\u00e8re significative au d\u00e9veloppement de celle-ci. Il est d\u00e9cern\u00e9 par le comit\u00e9 de direction de la Facult\u00e9 de m\u00e9decine et des sciences de la sant\u00e9.<\/p>\n<p><!--more--><\/p>\n<p>Dans le contexte de la pand\u00e9mie, les \u00e9v\u00e9nements entourant la Quinzaine de la reconnaissance, de m\u00eame que la remise du prix, n\u2019ont pu avoir lieu en pr\u00e9sentiel. C\u2019est donc en mode virtuel que s\u2019est d\u00e9roul\u00e9e l\u2019activit\u00e9, sous l\u2019animation du Pr Martin Bisaillon, secr\u00e9taire de la Facult\u00e9 et vice-doyen \u00e0 la vie \u00e9tudiante, et du Pr Dominique Dorion, doyen.<\/p>\n<p>Dans sa pr\u00e9sentation du prix Madeleine-C\u00f4t\u00e9, le doyen de la facult\u00e9 a notamment soulign\u00e9 l\u2019engagement ind\u00e9fectible de M. Deschamps \u00e0 l\u2019\u00e9gard des activit\u00e9s d\u2019enseignement et de recherche au cours des dix derni\u00e8res ann\u00e9es, \u00e0 la fois au nom du CISSS de la Mont\u00e9r\u00e9gie-Centre et de l\u2019ancienne Agence de la Sant\u00e9 et des Services sociaux de la Mont\u00e9r\u00e9gie, qu\u2019il a pr\u00e9c\u00e9demment dirig\u00e9e. Il a \u00e9galement mentionn\u00e9 l\u2019appui apport\u00e9 par M. Deschamps \u00e0 de nombreux projets de recherche ainsi que son leadership dans le projet d\u2019expansion du programme de m\u00e9decine de l\u2019Universit\u00e9 de Sherbrooke sur la Rive-Sud. Cette reconnaissance constitue un honneur enti\u00e8rement m\u00e9rit\u00e9!<\/p>\n","protected":false},"excerpt":{"rendered":"<p>Dans le cadre de la Quinzaine de la reconnaissance de la Facult\u00e9 de m\u00e9decine et des sciences de la sant\u00e9 de l&rsquo;Universit\u00e9 de Sherbrooke, monsieur Richard Deschamps, pr\u00e9sident directeur-g\u00e9n\u00e9ral du CISSS de la Mont\u00e9r\u00e9gie-Centre, s\u2019est vu attribuer le prix Madeleine-C\u00f4t\u00e9. &hellip; <a href=\"https:\/\/santemc.quebec\/icentre\/richard-deschamps-recipiendaire-du-prix-madeleine-cote-de-la-faculte-de-medecine-et-des-sciences-de-la-sante-de-luniversite-de-sherbrooke\/\">Continuer la lecture <span class=\"meta-nav\">&rarr;<\/span><\/a><\/p>\n","protected":false},"author":9,"featured_media":0,"comment_status":"open","ping_status":"closed","sticky":false,"template":"","format":"standard","meta":{"footnotes":""},"categories":[1],"tags":[],"_links":{"self":[{"href":"https:\/\/santemc.quebec\/icentre\/wp-json\/wp\/v2\/posts\/188838"}],"collection":[{"href":"https:\/\/santemc.quebec\/icentre\/wp-json\/wp\/v2\/posts"}],"about":[{"href":"https:\/\/santemc.quebec\/icentre\/wp-json\/wp\/v2\/types\/post"}],"author":[{"embeddable":true,"href":"https:\/\/santemc.quebec\/icentre\/wp-json\/wp\/v2\/users\/9"}],"replies":[{"embeddable":true,"href":"https:\/\/santemc.quebec\/icentre\/wp-json\/wp\/v2\/comments?post=188838"}],"version-history":[{"count":6,"href":"https:\/\/santemc.quebec\/icentre\/wp-json\/wp\/v2\/posts\/188838\/revisions"}],"predecessor-version":[{"id":188885,"href":"https:\/\/santemc.quebec\/icentre\/wp-json\/wp\/v2\/posts\/188838\/revisions\/188885"}],"wp:attachment":[{"href":"https:\/\/santemc.quebec\/icentre\/wp-json\/wp\/v2\/media?parent=188838"}],"wp:term":[{"taxonomy":"category","embeddable":true,"href":"https:\/\/santemc.quebec\/icentre\/wp-json\/wp\/v2\/categories?post=188838"},{"taxonomy":"post_tag","embeddable":true,"href":"https:\/\/santemc.quebec\/icentre\/wp-json\/wp\/v2\/tags?post=188838"}],"curies":[{"name":"wp","href":"https:\/\/api.w.org\/{rel}","templated":true}]}}