{"id":188865,"date":"2020-07-17T15:53:26","date_gmt":"2020-07-17T19:53:26","guid":{"rendered":"http:\/\/santemc.quebec\/icentre\/?p=188865"},"modified":"2020-07-17T15:53:26","modified_gmt":"2020-07-17T19:53:26","slug":"covid-19-application-de-larrete-ministeriel-2020-007-precisions-sur-les-conges-annuels","status":"publish","type":"post","link":"https:\/\/santemc.quebec\/icentre\/covid-19-application-de-larrete-ministeriel-2020-007-precisions-sur-les-conges-annuels\/","title":{"rendered":"COVID-19 : Application de l\u2019arr\u00eat\u00e9 minist\u00e9riel 2020-007 &#8211; Pr\u00e9cisions sur les cong\u00e9s annuels"},"content":{"rendered":"<p><a href=\"https:\/\/santemc.quebec\/santemc\/icentre\/wp-content\/uploads\/2020\/07\/2020-07-17_CI_49-1_precision_Application-de-l\u2019arr\u00eat\u00e9-minist\u00e9riel-2020-007_conge-annuel.pdf\" target=\"_blank\" rel=\"noopener noreferrer\">Lire le communiqu\u00e9 interne<\/a><\/p>\n<p>&nbsp;<\/p>\n","protected":false},"excerpt":{"rendered":"<p>Lire le communiqu\u00e9 interne &nbsp;<\/p>\n","protected":false},"author":1,"featured_media":0,"comment_status":"open","ping_status":"closed","sticky":false,"template":"","format":"standard","meta":{"footnotes":""},"categories":[1],"tags":[],"_links":{"self":[{"href":"https:\/\/santemc.quebec\/icentre\/wp-json\/wp\/v2\/posts\/188865"}],"collection":[{"href":"https:\/\/santemc.quebec\/icentre\/wp-json\/wp\/v2\/posts"}],"about":[{"href":"https:\/\/santemc.quebec\/icentre\/wp-json\/wp\/v2\/types\/post"}],"author":[{"embeddable":true,"href":"https:\/\/santemc.quebec\/icentre\/wp-json\/wp\/v2\/users\/1"}],"replies":[{"embeddable":true,"href":"https:\/\/santemc.quebec\/icentre\/wp-json\/wp\/v2\/comments?post=188865"}],"version-history":[{"count":1,"href":"https:\/\/santemc.quebec\/icentre\/wp-json\/wp\/v2\/posts\/188865\/revisions"}],"predecessor-version":[{"id":188868,"href":"https:\/\/santemc.quebec\/icentre\/wp-json\/wp\/v2\/posts\/188865\/revisions\/188868"}],"wp:attachment":[{"href":"https:\/\/santemc.quebec\/icentre\/wp-json\/wp\/v2\/media?parent=188865"}],"wp:term":[{"taxonomy":"category","embeddable":true,"href":"https:\/\/santemc.quebec\/icentre\/wp-json\/wp\/v2\/categories?post=188865"},{"taxonomy":"post_tag","embeddable":true,"href":"https:\/\/santemc.quebec\/icentre\/wp-json\/wp\/v2\/tags?post=188865"}],"curies":[{"name":"wp","href":"https:\/\/api.w.org\/{rel}","templated":true}]}}