{"id":188893,"date":"2020-07-21T10:10:16","date_gmt":"2020-07-21T14:10:16","guid":{"rendered":"http:\/\/santemc.quebec\/icentre\/?p=188893"},"modified":"2020-07-21T10:10:16","modified_gmt":"2020-07-21T14:10:16","slug":"une-semaine-daccueil-dynamique-dans-nos-chsld","status":"publish","type":"post","link":"https:\/\/santemc.quebec\/icentre\/une-semaine-daccueil-dynamique-dans-nos-chsld\/","title":{"rendered":"Une semaine d\u2019accueil dynamique dans nos CHSLD!"},"content":{"rendered":"<p><a href=\"https:\/\/santemc.quebec\/santemc\/icentre\/wp-content\/uploads\/2020\/07\/visuel_article_PAB_2.jpg\"><img decoding=\"async\" loading=\"lazy\" class=\"size-medium wp-image-188894 alignleft\" src=\"https:\/\/santemc.quebec\/santemc\/icentre\/wp-content\/uploads\/2020\/07\/visuel_article_PAB_2-300x202.jpg\" alt=\"\" width=\"300\" height=\"202\" srcset=\"https:\/\/santemc.quebec\/santemc\/icentre\/wp-content\/uploads\/2020\/07\/visuel_article_PAB_2-300x202.jpg 300w, https:\/\/santemc.quebec\/santemc\/icentre\/wp-content\/uploads\/2020\/07\/visuel_article_PAB_2-1024x689.jpg 1024w, https:\/\/santemc.quebec\/santemc\/icentre\/wp-content\/uploads\/2020\/07\/visuel_article_PAB_2-768x516.jpg 768w, https:\/\/santemc.quebec\/santemc\/icentre\/wp-content\/uploads\/2020\/07\/visuel_article_PAB_2-446x300.jpg 446w, https:\/\/santemc.quebec\/santemc\/icentre\/wp-content\/uploads\/2020\/07\/visuel_article_PAB_2.jpg 1200w\" sizes=\"(max-width: 300px) 100vw, 300px\" \/><\/a>Du 13 au 17 juillet derniers, le CISSS de la Mont\u00e9r\u00e9gie-Centre accueillait pr\u00e8s de 400 \u00e9tudiants qui poursuivent leur formation en milieu de travail pour devenir pr\u00e9pos\u00e9s en CHSLD. Plusieurs groupes ont donc fait leur entr\u00e9e dans nos 8 CHSLD. Nos \u00e9quipes les ont accueillis avec grand enthousiasme! Nous sommes fiers de dire que cette semaine d\u2019accueil fut un succ\u00e8s sur toute la ligne. Bravo!<\/p>\n<p><!--more--><\/p>\n<p>Accueillir un tel nombre de personnes dans nos milieux en si peu de temps, ce n\u2019est pas une mince affaire! Ce fut un travail d\u2019\u00e9quipe colossal de la Direction du soutien \u00e0 l\u2019autonomie des personnes \u00e2g\u00e9es (SAPA), de la Direction des soins infirmiers (DSI), de la Direction des ressources humaines, des communications et des affaires juridiques (DRHCAJ), de la Direction de la logistique (DL) ainsi que de la Direction des services techniques (DST). Ensemble, elles ont assur\u00e9 une r\u00e9ception de qualit\u00e9 qui marquait le d\u00e9but de la formation en milieu de travail des futurs employ\u00e9s de\u00a0 notre organisation.<\/p>\n<p>Merci \u00e0 tous les gestionnaires et employ\u00e9s ayant particip\u00e9 \u00e0 cette grande op\u00e9ration. Pensons notamment aux 30 PAB Coach, aux 150 PAB formateurs, aux conseill\u00e8res en soins infirmiers ainsi qu\u2019\u00e0 tout le personnel qui \u0153uvrent au sein de nos diff\u00e9rents milieux de vie. Ces derniers agissent\u00a0 \u00e0 titre de leaders positifs dans ce processus d\u2019apprentissage et nous les en remercions!<\/p>\n<p>C\u2019est gr\u00e2ce \u00e0 des efforts de collaboration comme celui-ci que notre organisation se distingue et poursuit sa mission d\u2019offrir des services de qualit\u00e9.<\/p>\n<p>Bonne continuit\u00e9!<\/p>\n","protected":false},"excerpt":{"rendered":"<p>Du 13 au 17 juillet derniers, le CISSS de la Mont\u00e9r\u00e9gie-Centre accueillait pr\u00e8s de 400 \u00e9tudiants qui poursuivent leur formation en milieu de travail pour devenir pr\u00e9pos\u00e9s en CHSLD. Plusieurs groupes ont donc fait leur entr\u00e9e dans nos 8 CHSLD. &hellip; <a href=\"https:\/\/santemc.quebec\/icentre\/une-semaine-daccueil-dynamique-dans-nos-chsld\/\">Continuer la lecture <span class=\"meta-nav\">&rarr;<\/span><\/a><\/p>\n","protected":false},"author":9,"featured_media":0,"comment_status":"open","ping_status":"closed","sticky":false,"template":"","format":"standard","meta":{"footnotes":""},"categories":[1],"tags":[],"_links":{"self":[{"href":"https:\/\/santemc.quebec\/icentre\/wp-json\/wp\/v2\/posts\/188893"}],"collection":[{"href":"https:\/\/santemc.quebec\/icentre\/wp-json\/wp\/v2\/posts"}],"about":[{"href":"https:\/\/santemc.quebec\/icentre\/wp-json\/wp\/v2\/types\/post"}],"author":[{"embeddable":true,"href":"https:\/\/santemc.quebec\/icentre\/wp-json\/wp\/v2\/users\/9"}],"replies":[{"embeddable":true,"href":"https:\/\/santemc.quebec\/icentre\/wp-json\/wp\/v2\/comments?post=188893"}],"version-history":[{"count":1,"href":"https:\/\/santemc.quebec\/icentre\/wp-json\/wp\/v2\/posts\/188893\/revisions"}],"predecessor-version":[{"id":188895,"href":"https:\/\/santemc.quebec\/icentre\/wp-json\/wp\/v2\/posts\/188893\/revisions\/188895"}],"wp:attachment":[{"href":"https:\/\/santemc.quebec\/icentre\/wp-json\/wp\/v2\/media?parent=188893"}],"wp:term":[{"taxonomy":"category","embeddable":true,"href":"https:\/\/santemc.quebec\/icentre\/wp-json\/wp\/v2\/categories?post=188893"},{"taxonomy":"post_tag","embeddable":true,"href":"https:\/\/santemc.quebec\/icentre\/wp-json\/wp\/v2\/tags?post=188893"}],"curies":[{"name":"wp","href":"https:\/\/api.w.org\/{rel}","templated":true}]}}