{"id":188899,"date":"2020-07-21T16:22:34","date_gmt":"2020-07-21T20:22:34","guid":{"rendered":"http:\/\/santemc.quebec\/icentre\/?p=188899"},"modified":"2020-07-21T16:24:28","modified_gmt":"2020-07-21T20:24:28","slug":"covid-19-mise-a-jour-de-la-foire-aux-questions-des-employes-4","status":"publish","type":"post","link":"https:\/\/santemc.quebec\/icentre\/covid-19-mise-a-jour-de-la-foire-aux-questions-des-employes-4\/","title":{"rendered":"COVID-19 : Mise \u00e0 jour de la Foire aux questions des employ\u00e9s"},"content":{"rendered":"<p>Mise \u00e0 jour concernant les sections \u00ab\u00a0Test de d\u00e9pistage, isolation et retour au travail\u00a0\u00bb et \u00ab\u00a0\u00c9quipement\u00a0\u00bb.\u00a0 Consultez la <a href=\"https:\/\/santemc.quebec\/icentre\/?page_id=185406\" target=\"_blank\" rel=\"noopener noreferrer\">Foire aux questions des employ\u00e9s<\/a>.<\/p>\n","protected":false},"excerpt":{"rendered":"<p>Mise \u00e0 jour concernant les sections \u00ab\u00a0Test de d\u00e9pistage, isolation et retour au travail\u00a0\u00bb et \u00ab\u00a0\u00c9quipement\u00a0\u00bb.\u00a0 Consultez la Foire aux questions des employ\u00e9s.<\/p>\n","protected":false},"author":8,"featured_media":0,"comment_status":"open","ping_status":"closed","sticky":false,"template":"","format":"standard","meta":{"footnotes":""},"categories":[1],"tags":[],"_links":{"self":[{"href":"https:\/\/santemc.quebec\/icentre\/wp-json\/wp\/v2\/posts\/188899"}],"collection":[{"href":"https:\/\/santemc.quebec\/icentre\/wp-json\/wp\/v2\/posts"}],"about":[{"href":"https:\/\/santemc.quebec\/icentre\/wp-json\/wp\/v2\/types\/post"}],"author":[{"embeddable":true,"href":"https:\/\/santemc.quebec\/icentre\/wp-json\/wp\/v2\/users\/8"}],"replies":[{"embeddable":true,"href":"https:\/\/santemc.quebec\/icentre\/wp-json\/wp\/v2\/comments?post=188899"}],"version-history":[{"count":2,"href":"https:\/\/santemc.quebec\/icentre\/wp-json\/wp\/v2\/posts\/188899\/revisions"}],"predecessor-version":[{"id":188901,"href":"https:\/\/santemc.quebec\/icentre\/wp-json\/wp\/v2\/posts\/188899\/revisions\/188901"}],"wp:attachment":[{"href":"https:\/\/santemc.quebec\/icentre\/wp-json\/wp\/v2\/media?parent=188899"}],"wp:term":[{"taxonomy":"category","embeddable":true,"href":"https:\/\/santemc.quebec\/icentre\/wp-json\/wp\/v2\/categories?post=188899"},{"taxonomy":"post_tag","embeddable":true,"href":"https:\/\/santemc.quebec\/icentre\/wp-json\/wp\/v2\/tags?post=188899"}],"curies":[{"name":"wp","href":"https:\/\/api.w.org\/{rel}","templated":true}]}}